{"id":6554,"date":"2025-06-04T09:26:18","date_gmt":"2025-06-04T13:26:18","guid":{"rendered":"https:\/\/www.apls.ca\/?p=6554"},"modified":"2025-06-04T09:26:19","modified_gmt":"2025-06-04T13:26:19","slug":"projet-minier-la-loutre-un-referendum-prevu-le-31-aout-2025","status":"publish","type":"post","link":"https:\/\/www.apls.ca\/en\/archives\/6554","title":{"rendered":"Projet minier La Loutre: un r\u00e9f\u00e9rendum pr\u00e9vu le 31 ao\u00fbt 2025"},"content":{"rendered":"\n<figure class=\"wp-block-image size-large is-resized\"><a href=\"https:\/\/www.apls.ca\/wp-content\/uploads\/2025\/06\/Screenshot-2025-06-04-at-8.55.32\u202fAM.png\"><img loading=\"lazy\" decoding=\"async\" width=\"959\" height=\"1024\" src=\"https:\/\/www.apls.ca\/wp-content\/uploads\/2025\/06\/Screenshot-2025-06-04-at-8.55.32\u202fAM-959x1024.png\" alt=\"\" class=\"wp-image-6555\" style=\"width:752px;height:auto\" srcset=\"https:\/\/www.apls.ca\/wp-content\/uploads\/2025\/06\/Screenshot-2025-06-04-at-8.55.32\u202fAM-959x1024.png 959w, https:\/\/www.apls.ca\/wp-content\/uploads\/2025\/06\/Screenshot-2025-06-04-at-8.55.32\u202fAM-281x300.png 281w, https:\/\/www.apls.ca\/wp-content\/uploads\/2025\/06\/Screenshot-2025-06-04-at-8.55.32\u202fAM-768x820.png 768w, https:\/\/www.apls.ca\/wp-content\/uploads\/2025\/06\/Screenshot-2025-06-04-at-8.55.32\u202fAM-1439x1536.png 1439w, https:\/\/www.apls.ca\/wp-content\/uploads\/2025\/06\/Screenshot-2025-06-04-at-8.55.32\u202fAM.png 1484w\" sizes=\"auto, (max-width: 959px) 100vw, 959px\" \/><\/a><\/figure>\n\n\n\n<div class=\"xdj266r x11i5rnm xat24cr x1mh8g0r x1vvkbs x126k92a\">\n<div dir=\"auto\"><strong>Projet minier La Loutre: un r\u00e9f\u00e9rendum pr\u00e9vu le 31 ao\u00fbt 2025<\/strong><\/div>\n<div dir=\"auto\">3 juin 2025<\/div>\n<div dir=\"auto\">Le Droit<\/div>\n<div dir=\"auto\">\u00a0<\/div>\n<\/div>\n<div class=\"x11i5rnm xat24cr x1mh8g0r x1vvkbs xtlvy1s x126k92a\">\n<div dir=\"auto\"><strong><span style=\"color: #ff0000;\">NON \u00e0 la mine La Loutre de Lomiko !<\/span><\/strong><\/div>\n<div dir=\"auto\">\u00a0<\/div>\n<\/div>\n<div class=\"x11i5rnm xat24cr x1mh8g0r x1vvkbs xtlvy1s x126k92a\">\n<div dir=\"auto\">L\u2019<strong>Alliance des municipalit\u00e9s Petite-Nation Nord<\/strong>, en Outaouais, a annonc\u00e9 mardi que le r\u00e9f\u00e9rendum concernant le projet minier La Loutre se tiendra le dimanche 31 ao\u00fbt.<\/div>\n<div dir=\"auto\">\u00a0<\/div>\n<\/div>\n<div class=\"x11i5rnm xat24cr x1mh8g0r x1vvkbs xtlvy1s x126k92a\">\n<div dir=\"auto\">Les r\u00e9sidents du secteur pourront se prononcer sur le projet de mine de graphite de l\u2019entreprise Lomiko Metals par l\u2019entremise d\u2019un r\u00e9f\u00e9rendum consultatif le 31 ao\u00fbt 2025.<\/div>\n<div dir=\"auto\">\u00a0<\/div>\n<\/div>\n<div class=\"x11i5rnm xat24cr x1mh8g0r x1vvkbs xtlvy1s x126k92a\">\n<div dir=\"auto\">En premier lieu, l\u2019Alliance avait dit s\u2019engager \u00e0 tenir une consultation r\u00e9f\u00e9rendaire en m\u00eame temps que l\u2019\u00e9lection municipale, soit le 2 novembre. Toutefois, celle-ci se d\u00e9roulera \u00e0 la fin de l\u2019\u00e9t\u00e9 dans chaque municipalit\u00e9 membre de l\u2019Alliance, soit <strong>Lac-des-Plages, St-\u00c9mile-de-Suffolk, Ch\u00e9n\u00e9ville, Lac-Simon et Duhamel<\/strong>.<\/div>\n<div dir=\"auto\">\u00a0<\/div>\n<\/div>\n<div class=\"x11i5rnm xat24cr x1mh8g0r x1vvkbs xtlvy1s x126k92a\">\n<div dir=\"auto\">L\u2019Alliance pourra ainsi mesurer l\u2019acceptabilit\u00e9 sociale du projet minier dans la Petite-Nation.<\/div>\n<\/div>\n<div class=\"x11i5rnm xat24cr x1mh8g0r x1vvkbs xtlvy1s x126k92a\">\n<div dir=\"auto\">Chaque municipalit\u00e9 communiquera avec ses citoyens les d\u00e9tails du processus r\u00e9f\u00e9rendaire.<\/div>\n<\/div>\n<div class=\"x11i5rnm xat24cr x1mh8g0r x1vvkbs xtlvy1s x126k92a\">\n<div dir=\"auto\">Ce r\u00e9f\u00e9rendum d\u00e9coule de trois assembl\u00e9es publiques tenues en 2024, auxquelles pr\u00e8s de 1000 citoyens ont pris part, selon l\u2019Alliance. Suite \u00e0 cette mobilisation, le gouvernement du Qu\u00e9bec avait annonc\u00e9 qu\u2019il ne financerait pas le projet minier La Loutre, faute d\u2019acceptabilit\u00e9 sociale.<\/div>\n<div dir=\"auto\">\u00a0<\/div>\n<\/div>\n<div class=\"x11i5rnm xat24cr x1mh8g0r x1vvkbs xtlvy1s x126k92a\">\n<div dir=\"auto\">En organisant un r\u00e9f\u00e9rendum, les municipalit\u00e9s clarifieront davantage le manque d\u2019appui des citoyens envers le projet.<\/div>\n<div dir=\"auto\">\u00a0<\/div>\n<\/div>\n<div class=\"x11i5rnm xat24cr x1mh8g0r x1vvkbs xtlvy1s x126k92a\">\n<div dir=\"auto\"><strong>Comit\u00e9 d\u2019expert<\/strong><\/div>\n<div dir=\"auto\">\u00a0<\/div>\n<\/div>\n<div class=\"x11i5rnm xat24cr x1mh8g0r x1vvkbs xtlvy1s x126k92a\">\n<div dir=\"auto\">En d\u00e9cembre 2024, l\u2019Alliance des municipalit\u00e9s Petite-Nation Nord avait promis deux engagements pour l\u2019ann\u00e9e 2025, le premier \u00e9tant la consultation r\u00e9f\u00e9rendaire. Le deuxi\u00e8me \u00e9tait de mobiliser de l\u2019expertise afin de l\u2019aider \u00e0 comprendre les documents de Lomiko Metals.<\/div>\n<div dir=\"auto\">\u00a0<\/div>\n<\/div>\n<div class=\"x11i5rnm xat24cr x1mh8g0r x1vvkbs xtlvy1s x126k92a\">\n<div dir=\"auto\">\u00abDevant la complexit\u00e9 du projet minier et le peu de ressources financi\u00e8res et techniques des petites municipalit\u00e9s\u00bb, l\u2019Alliance consid\u00e8re qu\u2019elle ne peut pas participer \u00e0 l\u2019\u00e9valuation de ce projet sans un soutien significatif.<\/div>\n<div dir=\"auto\">\u00a0<\/div>\n<\/div>\n<div class=\"x11i5rnm xat24cr x1mh8g0r x1vvkbs xtlvy1s x126k92a\">\n<div dir=\"auto\">\u00abPour le comit\u00e9 d\u2019experts, nous avouons \u00eatre d\u00e9pass\u00e9s par les connaissances techniques requises et, sinc\u00e8rement, est-ce acceptable de laisser des petites municipalit\u00e9s sans ressources?\u00bb, se demande <strong>David Pharand<\/strong>, co-porte-parole pour l\u2019<strong>Alliance des municipalit\u00e9s de Petite-Nation Nord<\/strong>, par voie de communiqu\u00e9.<\/div>\n<div dir=\"auto\">\u00a0<\/div>\n<\/div>\n<div class=\"x11i5rnm xat24cr x1mh8g0r x1vvkbs xtlvy1s x126k92a\">\n<div dir=\"auto\">Gr\u00e2ce \u00e0 un soutien de la communaut\u00e9 de la Petite-Nation, l\u2019Alliance pourra rem\u00e9dier \u00e0 ce probl\u00e8me gr\u00e2ce \u00e0 un comit\u00e9 d\u2019experts ind\u00e9pendants et non r\u00e9mun\u00e9r\u00e9s.<\/div>\n<div dir=\"auto\">\u00a0<\/div>\n<\/div>\n<div class=\"x11i5rnm xat24cr x1mh8g0r x1vvkbs xtlvy1s x126k92a\">\n<div dir=\"auto\">L\u2019Alliance a cr\u00e9\u00e9 un comit\u00e9 form\u00e9 de plusieurs organismes de la r\u00e9gion comme le <strong>Conseil r\u00e9gional de l\u2019environnement et du d\u00e9veloppement durable de l\u2019Outaouais<\/strong> et l\u2019<strong>Association des chasseurs, p\u00eacheurs, trappeurs et archers de la Petite-Nation<\/strong>.<\/div>\n<div dir=\"auto\">\u00a0<\/div>\n<\/div>\n<div class=\"x11i5rnm xat24cr x1mh8g0r x1vvkbs xtlvy1s x126k92a\">\n<div dir=\"auto\">Ils conseilleront les membres de l\u2019Alliance et les comptes-rendus du comit\u00e9 seront rendus publics, pr\u00e9cise l\u2019Alliance dans un communiqu\u00e9, mardi.<\/div>\n<div dir=\"auto\">\u00a0<\/div>\n<\/div>\n<div class=\"x11i5rnm xat24cr x1mh8g0r x1vvkbs xtlvy1s x126k92a\">\n<div dir=\"auto\">\u00abNous sommes fiers d\u2019avoir travers\u00e9 ces deux jalons importants. Pour le r\u00e9f\u00e9rendum, il est important de donner cette occasion \u00e0 nos citoyens d\u2019exprimer leur opinion individuelle sur le projet minier. Cela fait plusieurs ann\u00e9es qu\u2019ils le demandent\u00bb, affirme <strong>M. Pharand<\/strong>.<\/div>\n<\/div>\n\n<!-- FB Like Button Starbit IT Solutions BEGIN -->\n<div class=\"fb-like\" data-href=\"https:\/\/www.apls.ca\/en\/archives\/6554\" data-layout=\"standard\" data-action=\"like\" data-show-faces=\"true\" data-size=\"small\" data-width=\"450\" data-share=\"1\" ><\/div>\n<!-- FB Like Button Starbit IT Solutions END -->\n","protected":false},"excerpt":{"rendered":"<p>Projet minier La Loutre: un r\u00e9f\u00e9rendum pr\u00e9vu le 31 ao\u00fbt 2025 3 juin 2025 Le Droit \u00a0 NON \u00e0 la mine La Loutre de Lomiko ! \u00a0 L\u2019Alliance des municipalit\u00e9s Petite-Nation Nord, en Outaouais, a annonc\u00e9 mardi que le r\u00e9f\u00e9rendum &hellip; <a href=\"https:\/\/www.apls.ca\/en\/archives\/6554\">Continue reading <span class=\"meta-nav\">&rarr;<\/span><\/a><\/p>\n","protected":false},"author":73,"featured_media":0,"comment_status":"open","ping_status":"open","sticky":false,"template":"","format":"standard","meta":{"footnotes":""},"categories":[1],"tags":[],"class_list":["post-6554","post","type-post","status-publish","format-standard","hentry","category-uncategorized"],"_links":{"self":[{"href":"https:\/\/www.apls.ca\/en\/wp-json\/wp\/v2\/posts\/6554","targetHints":{"allow":["GET"]}}],"collection":[{"href":"https:\/\/www.apls.ca\/en\/wp-json\/wp\/v2\/posts"}],"about":[{"href":"https:\/\/www.apls.ca\/en\/wp-json\/wp\/v2\/types\/post"}],"author":[{"embeddable":true,"href":"https:\/\/www.apls.ca\/en\/wp-json\/wp\/v2\/users\/73"}],"replies":[{"embeddable":true,"href":"https:\/\/www.apls.ca\/en\/wp-json\/wp\/v2\/comments?post=6554"}],"version-history":[{"count":1,"href":"https:\/\/www.apls.ca\/en\/wp-json\/wp\/v2\/posts\/6554\/revisions"}],"predecessor-version":[{"id":6557,"href":"https:\/\/www.apls.ca\/en\/wp-json\/wp\/v2\/posts\/6554\/revisions\/6557"}],"wp:attachment":[{"href":"https:\/\/www.apls.ca\/en\/wp-json\/wp\/v2\/media?parent=6554"}],"wp:term":[{"taxonomy":"category","embeddable":true,"href":"https:\/\/www.apls.ca\/en\/wp-json\/wp\/v2\/categories?post=6554"},{"taxonomy":"post_tag","embeddable":true,"href":"https:\/\/www.apls.ca\/en\/wp-json\/wp\/v2\/tags?post=6554"}],"curies":[{"name":"wp","href":"https:\/\/api.w.org\/{rel}","templated":true}]}}