{"id":6550,"date":"2025-06-04T09:22:53","date_gmt":"2025-06-04T13:22:53","guid":{"rendered":"https:\/\/www.apls.ca\/?p=6550"},"modified":"2025-06-04T09:22:54","modified_gmt":"2025-06-04T13:22:54","slug":"un-referendum-sur-le-projet-minier-la-loutre-le-31-aout-2025","status":"publish","type":"post","link":"https:\/\/www.apls.ca\/en\/archives\/6550","title":{"rendered":"Un r\u00e9f\u00e9rendum sur le projet minier La Loutre le 31 ao\u00fbt\u00a02025"},"content":{"rendered":"\n<div class=\"xdj266r x11i5rnm xat24cr x1mh8g0r x1vvkbs x126k92a\">\n<div dir=\"auto\"><a href=\"http:\/\/www.apls.ca\/wp-content\/uploads\/2025\/06\/Screenshot-2025-06-04-at-8.32.04\u202fAM.png\"><img loading=\"lazy\" decoding=\"async\" class=\"alignnone  wp-image-6551\" src=\"http:\/\/www.apls.ca\/wp-content\/uploads\/2025\/06\/Screenshot-2025-06-04-at-8.32.04\u202fAM-300x282.png\" alt=\"\" width=\"616\" height=\"579\" srcset=\"https:\/\/www.apls.ca\/wp-content\/uploads\/2025\/06\/Screenshot-2025-06-04-at-8.32.04\u202fAM-300x282.png 300w, https:\/\/www.apls.ca\/wp-content\/uploads\/2025\/06\/Screenshot-2025-06-04-at-8.32.04\u202fAM-1024x962.png 1024w, https:\/\/www.apls.ca\/wp-content\/uploads\/2025\/06\/Screenshot-2025-06-04-at-8.32.04\u202fAM-768x722.png 768w, https:\/\/www.apls.ca\/wp-content\/uploads\/2025\/06\/Screenshot-2025-06-04-at-8.32.04\u202fAM.png 1456w\" sizes=\"auto, (max-width: 616px) 100vw, 616px\" \/><\/a><\/div>\n<div dir=\"auto\"><strong>Un r\u00e9f\u00e9rendum sur le projet minier La Loutre le 31 ao\u00fbt\u00a0<\/strong><\/div>\n<div dir=\"auto\">le 4 juin 2025<\/div>\n<div dir=\"auto\">Radio Canada<\/div>\n<div dir=\"auto\">\u00a0<\/div>\n<\/div>\n<div class=\"x11i5rnm xat24cr x1mh8g0r x1vvkbs xtlvy1s x126k92a\">\n<div dir=\"auto\"><strong><span style=\"color: #ff0000;\">NON \u00e0 la mine La Loutre de Lomiko !\u00a0<\/span><\/strong><\/div>\n<div dir=\"auto\">\u00a0<\/div>\n<\/div>\n<div class=\"x11i5rnm xat24cr x1mh8g0r x1vvkbs xtlvy1s x126k92a\">\n<div dir=\"auto\">L\u2019<strong>Alliance des municipalit\u00e9s Petite-Nation Nord<\/strong>, en Outaouais, a annonc\u00e9 mardi que le r\u00e9f\u00e9rendum sur le projet minier La Loutre aurait lieu le dimanche 31 ao\u00fbt.<\/div>\n<div dir=\"auto\">\u00a0<\/div>\n<\/div>\n<div class=\"x11i5rnm xat24cr x1mh8g0r x1vvkbs xtlvy1s x126k92a\">\n<div dir=\"auto\">Dans un premier temps, la date du 2 novembre avait \u00e9t\u00e9 retenue, mais finalement, \u00e0 la suite de d\u00e9lib\u00e9rations au sein de chaque municipalit\u00e9 membre de l\u2019Alliance, il a \u00e9t\u00e9 d\u00e9cid\u00e9 que les r\u00e9sidents du secteur pourraient se prononcer sur ce projet de mine de graphite de l\u2019entreprise Lomiko Metals par l\u2019entremise d\u2019un r\u00e9f\u00e9rendum consultatif par municipalit\u00e9 \u00e0 la fin de l\u2019\u00e9t\u00e9.<\/div>\n<div dir=\"auto\">\u00a0<\/div>\n<\/div>\n<div class=\"x11i5rnm xat24cr x1mh8g0r x1vvkbs xtlvy1s x126k92a\">\n<div dir=\"auto\">Chaque municipalit\u00e9 communiquera avec ses citoyens les d\u00e9tails du processus r\u00e9f\u00e9rendaire.<\/div>\n<div dir=\"auto\">\u00a0<\/div>\n<\/div>\n<div class=\"x11i5rnm xat24cr x1mh8g0r x1vvkbs xtlvy1s x126k92a\">\n<div dir=\"auto\">L\u2019Alliance des municipalit\u00e9s Petite-Nation Nord comprend les municipalit\u00e9s de <strong>Lac-des-Plages<\/strong>, de <strong>Saint-\u00c9mile-de-Suffolk<\/strong>, de <strong>Ch\u00e9n\u00e9ville<\/strong>, de <strong>Lac-Simon<\/strong> et de <strong>Duhamel<\/strong>.<\/div>\n<div dir=\"auto\">\u00a0<\/div>\n<\/div>\n<div class=\"x11i5rnm xat24cr x1mh8g0r x1vvkbs xtlvy1s x126k92a\">\n<div dir=\"auto\">Ce r\u00e9f\u00e9rendum fait suite \u00e0 trois (3) assembl\u00e9es publiques tenues depuis 2024 et auxquelles pr\u00e8s de 1000 citoyens ont particip\u00e9, selon les informations partag\u00e9es par l\u2019Alliance des municipalit\u00e9s Petite-Nation Nord dans un communiqu\u00e9 de presse diffus\u00e9 mardi.<\/div>\n<div dir=\"auto\">\u00a0<\/div>\n<\/div>\n<div class=\"x11i5rnm xat24cr x1mh8g0r x1vvkbs xtlvy1s x126k92a\">\n<div dir=\"auto\">En organisant un r\u00e9f\u00e9rendum, ces municipalit\u00e9s donnent suite au souhait formul\u00e9 par le gouvernement du Qu\u00e9bec. Le <strong>premier ministre Fran\u00e7ois Legault<\/strong> avait indiqu\u00e9 en ao\u00fbt 2022 qu<strong><span style=\"color: #ff0000;\">\u2019aucun projet minier ne se ferait sans acceptabilit\u00e9 sociale<\/span><\/strong>.<\/div>\n<div dir=\"auto\">\u00a0<\/div>\n<\/div>\n<div class=\"x11i5rnm xat24cr x1mh8g0r x1vvkbs xtlvy1s x126k92a\">\n<div dir=\"auto\"><strong>Un comit\u00e9 d'experts pour \u00e9valuer le projet<\/strong><\/div>\n<div dir=\"auto\">\u00a0<\/div>\n<\/div>\n<div class=\"x11i5rnm xat24cr x1mh8g0r x1vvkbs xtlvy1s x126k92a\">\n<div dir=\"auto\">L\u2019Alliance des municipalit\u00e9s Petite-Nation Nord indique \u00e9galement que devant la complexit\u00e9 du projet minier et le peu de ressources financi\u00e8res et techniques des petites municipalit\u00e9s, elle consid\u00e8re qu\u2019elle ne peut pas participer \u00e0 l\u2019\u00e9valuation de ce projet sans soutien.<\/div>\n<div dir=\"auto\">\u00a0<\/div>\n<\/div>\n<div class=\"x11i5rnm xat24cr x1mh8g0r x1vvkbs xtlvy1s x126k92a\">\n<div dir=\"auto\">Un comit\u00e9 d\u2019experts ind\u00e9pendants et non r\u00e9mun\u00e9r\u00e9s a donc \u00e9t\u00e9 form\u00e9 pour conseiller les membres de l\u2019Alliance. Les comptes rendus du comit\u00e9 seront mis \u00e0 la disposition du public, pr\u00e9cise-t-on.<\/div>\n<\/div>\n<div class=\"x11i5rnm xat24cr x1mh8g0r x1vvkbs xtlvy1s x126k92a\">\n<div dir=\"auto\">Pour le r\u00e9f\u00e9rendum, il est important de donner cette occasion \u00e0 nos citoyens d\u2019exprimer leur opinion individuelle sur le projet minier. Cela fait plusieurs ann\u00e9es qu\u2019ils le demandent. Pour le comit\u00e9 d\u2019experts, nous avouons \u00eatre d\u00e9pass\u00e9s par les connaissances techniques requises et, sinc\u00e8rement, est-ce acceptable de laisser de petites municipalit\u00e9s sans ressources? a expliqu\u00e9 le <strong>maire de la municipalit\u00e9 de Duhamel et co-porte-parole<\/strong> pour l\u2019<strong>Alliance des municipalit\u00e9s de Petite-Nation Nord, David Pharand<\/strong>, dans le communiqu\u00e9 du regroupement.<\/div>\n<\/div>\n\n<!-- FB Like Button Starbit IT Solutions BEGIN -->\n<div class=\"fb-like\" data-href=\"https:\/\/www.apls.ca\/en\/archives\/6550\" data-layout=\"standard\" data-action=\"like\" data-show-faces=\"true\" data-size=\"small\" data-width=\"450\" data-share=\"1\" ><\/div>\n<!-- FB Like Button Starbit IT Solutions END -->\n","protected":false},"excerpt":{"rendered":"<p>Un r\u00e9f\u00e9rendum sur le projet minier La Loutre le 31 ao\u00fbt\u00a0 le 4 juin 2025 Radio Canada \u00a0 NON \u00e0 la mine La Loutre de Lomiko !\u00a0 \u00a0 L\u2019Alliance des municipalit\u00e9s Petite-Nation Nord, en Outaouais, a annonc\u00e9 mardi que le &hellip; <a href=\"https:\/\/www.apls.ca\/en\/archives\/6550\">Continue reading <span class=\"meta-nav\">&rarr;<\/span><\/a><\/p>\n","protected":false},"author":73,"featured_media":0,"comment_status":"open","ping_status":"open","sticky":false,"template":"","format":"standard","meta":{"footnotes":""},"categories":[1],"tags":[],"class_list":["post-6550","post","type-post","status-publish","format-standard","hentry","category-uncategorized"],"_links":{"self":[{"href":"https:\/\/www.apls.ca\/en\/wp-json\/wp\/v2\/posts\/6550","targetHints":{"allow":["GET"]}}],"collection":[{"href":"https:\/\/www.apls.ca\/en\/wp-json\/wp\/v2\/posts"}],"about":[{"href":"https:\/\/www.apls.ca\/en\/wp-json\/wp\/v2\/types\/post"}],"author":[{"embeddable":true,"href":"https:\/\/www.apls.ca\/en\/wp-json\/wp\/v2\/users\/73"}],"replies":[{"embeddable":true,"href":"https:\/\/www.apls.ca\/en\/wp-json\/wp\/v2\/comments?post=6550"}],"version-history":[{"count":1,"href":"https:\/\/www.apls.ca\/en\/wp-json\/wp\/v2\/posts\/6550\/revisions"}],"predecessor-version":[{"id":6553,"href":"https:\/\/www.apls.ca\/en\/wp-json\/wp\/v2\/posts\/6550\/revisions\/6553"}],"wp:attachment":[{"href":"https:\/\/www.apls.ca\/en\/wp-json\/wp\/v2\/media?parent=6550"}],"wp:term":[{"taxonomy":"category","embeddable":true,"href":"https:\/\/www.apls.ca\/en\/wp-json\/wp\/v2\/categories?post=6550"},{"taxonomy":"post_tag","embeddable":true,"href":"https:\/\/www.apls.ca\/en\/wp-json\/wp\/v2\/tags?post=6550"}],"curies":[{"name":"wp","href":"https:\/\/api.w.org\/{rel}","templated":true}]}}