{"id":6534,"date":"2024-09-28T07:25:45","date_gmt":"2024-09-28T11:25:45","guid":{"rendered":"https:\/\/www.apls.ca\/?p=6534"},"modified":"2024-09-30T07:37:49","modified_gmt":"2024-09-30T11:37:49","slug":"les-incompatibilite-a-lactivite-miniere-manifestation-pour-la-suite-du-monde","status":"publish","type":"post","link":"https:\/\/www.apls.ca\/en\/archives\/6534","title":{"rendered":"Les \u00ab Incompatibilit\u00e9 \u00e0 l&#8217;Activit\u00e9 Mini\u00e8re \u00bb @  Manifestation Pour la Suite du Monde"},"content":{"rendered":"\n<figure class=\"wp-block-image size-large\"><a href=\"http:\/\/www.apls.ca\/wp-content\/uploads\/2024\/09\/461496071_10160363210706778_7346144445142660464_n.jpg\"><img loading=\"lazy\" decoding=\"async\" width=\"1024\" height=\"654\" src=\"http:\/\/www.apls.ca\/wp-content\/uploads\/2024\/09\/461496071_10160363210706778_7346144445142660464_n-1024x654.jpg\" alt=\"\" class=\"wp-image-6527\" srcset=\"https:\/\/www.apls.ca\/wp-content\/uploads\/2024\/09\/461496071_10160363210706778_7346144445142660464_n-1024x654.jpg 1024w, https:\/\/www.apls.ca\/wp-content\/uploads\/2024\/09\/461496071_10160363210706778_7346144445142660464_n-300x192.jpg 300w, https:\/\/www.apls.ca\/wp-content\/uploads\/2024\/09\/461496071_10160363210706778_7346144445142660464_n-768x491.jpg 768w, https:\/\/www.apls.ca\/wp-content\/uploads\/2024\/09\/461496071_10160363210706778_7346144445142660464_n-1536x981.jpg 1536w, https:\/\/www.apls.ca\/wp-content\/uploads\/2024\/09\/461496071_10160363210706778_7346144445142660464_n.jpg 2048w\" sizes=\"auto, (max-width: 1024px) 100vw, 1024px\" \/><\/a><\/figure>\n\n\n\n<p><strong>Les \u00ab Incompatibilit\u00e9 \u00e0 l'Activit\u00e9 Mini\u00e8re \u00bb de tout le Qu\u00e9bec (Haute Gatineau, Papineau, Lanaudi\u00e8re, Laurentides, Mauricie, Qu\u00e9bec &amp; Charlevoix) se sont joints \u00e0 la marche \u00ab Manifestation Pour la Suite du Monde \u00bb du vendredi 27 septembre \u00e0 Montr\u00e9al !<\/strong><\/p>\n<p><a href=\"https:\/\/www.coalitionqlaim.com\">Coalition QLAIM<\/a> !<\/p>\n<p><a href=\"https:\/\/protectionpetitenation.com\">Regroupement de Protection des Lacs de la Petite-Nation<\/a> !<\/p>\n\n<!-- FB Like Button Starbit IT Solutions BEGIN -->\n<div class=\"fb-like\" data-href=\"https:\/\/www.apls.ca\/en\/archives\/6534\" data-layout=\"standard\" data-action=\"like\" data-show-faces=\"true\" data-size=\"small\" data-width=\"450\" data-share=\"1\" ><\/div>\n<!-- FB Like Button Starbit IT Solutions END -->\n","protected":false},"excerpt":{"rendered":"<p>Les \u00ab Incompatibilit\u00e9 \u00e0 l&#8217;Activit\u00e9 Mini\u00e8re \u00bb de tout le Qu\u00e9bec (Haute Gatineau, Papineau, Lanaudi\u00e8re, Laurentides, Mauricie, Qu\u00e9bec &amp; Charlevoix) se sont joints \u00e0 la marche \u00ab Manifestation Pour la Suite du Monde \u00bb du vendredi 27 septembre \u00e0 Montr\u00e9al &hellip; <a href=\"https:\/\/www.apls.ca\/en\/archives\/6534\">Continue reading <span class=\"meta-nav\">&rarr;<\/span><\/a><\/p>\n","protected":false},"author":73,"featured_media":0,"comment_status":"open","ping_status":"open","sticky":false,"template":"","format":"standard","meta":{"footnotes":""},"categories":[1],"tags":[],"class_list":["post-6534","post","type-post","status-publish","format-standard","hentry","category-uncategorized"],"_links":{"self":[{"href":"https:\/\/www.apls.ca\/en\/wp-json\/wp\/v2\/posts\/6534","targetHints":{"allow":["GET"]}}],"collection":[{"href":"https:\/\/www.apls.ca\/en\/wp-json\/wp\/v2\/posts"}],"about":[{"href":"https:\/\/www.apls.ca\/en\/wp-json\/wp\/v2\/types\/post"}],"author":[{"embeddable":true,"href":"https:\/\/www.apls.ca\/en\/wp-json\/wp\/v2\/users\/73"}],"replies":[{"embeddable":true,"href":"https:\/\/www.apls.ca\/en\/wp-json\/wp\/v2\/comments?post=6534"}],"version-history":[{"count":1,"href":"https:\/\/www.apls.ca\/en\/wp-json\/wp\/v2\/posts\/6534\/revisions"}],"predecessor-version":[{"id":6535,"href":"https:\/\/www.apls.ca\/en\/wp-json\/wp\/v2\/posts\/6534\/revisions\/6535"}],"wp:attachment":[{"href":"https:\/\/www.apls.ca\/en\/wp-json\/wp\/v2\/media?parent=6534"}],"wp:term":[{"taxonomy":"category","embeddable":true,"href":"https:\/\/www.apls.ca\/en\/wp-json\/wp\/v2\/categories?post=6534"},{"taxonomy":"post_tag","embeddable":true,"href":"https:\/\/www.apls.ca\/en\/wp-json\/wp\/v2\/tags?post=6534"}],"curies":[{"name":"wp","href":"https:\/\/api.w.org\/{rel}","templated":true}]}}