{"id":6514,"date":"2024-09-16T10:50:16","date_gmt":"2024-09-16T14:50:16","guid":{"rendered":"https:\/\/www.apls.ca\/?p=6514"},"modified":"2024-09-19T10:53:14","modified_gmt":"2024-09-19T14:53:14","slug":"projet-minier-la-loutre-quebec-confirme-quil-nappuie-pas-le-projet","status":"publish","type":"post","link":"https:\/\/www.apls.ca\/en\/archives\/6514","title":{"rendered":"Projet minier La Loutre: Qu\u00e9bec confirme qu\u2019il n\u2019appuie pas le projet"},"content":{"rendered":"\n<figure class=\"wp-block-image size-large\"><a href=\"http:\/\/www.apls.ca\/wp-content\/uploads\/2024\/09\/460209623_933464462149716_3520356949984568239_n.jpg\"><img loading=\"lazy\" decoding=\"async\" width=\"1024\" height=\"681\" src=\"http:\/\/www.apls.ca\/wp-content\/uploads\/2024\/09\/460209623_933464462149716_3520356949984568239_n-1024x681.jpg\" alt=\"\" class=\"wp-image-6512\" srcset=\"https:\/\/www.apls.ca\/wp-content\/uploads\/2024\/09\/460209623_933464462149716_3520356949984568239_n-1024x681.jpg 1024w, https:\/\/www.apls.ca\/wp-content\/uploads\/2024\/09\/460209623_933464462149716_3520356949984568239_n-300x200.jpg 300w, https:\/\/www.apls.ca\/wp-content\/uploads\/2024\/09\/460209623_933464462149716_3520356949984568239_n-768x511.jpg 768w, https:\/\/www.apls.ca\/wp-content\/uploads\/2024\/09\/460209623_933464462149716_3520356949984568239_n.jpg 1440w\" sizes=\"auto, (max-width: 1024px) 100vw, 1024px\" \/><\/a><\/figure>\n\n\n\n<p>Les citoyens de la Petite-Nation oppos\u00e9s au <strong>projet de miner La Loutre <\/strong>peuvent aujourd\u2019hui pousser un soupir de soulagement. Le gouvernement du Qu\u00e9bec vient de confirmer qu\u2019il n\u2019accordera pas son appui \u00e0 l\u2019entreprise <strong>Lomiko Metals<\/strong>, ce qui reviendrait pratiquement \u00e0 signer la mort du projet.<\/p>\n\n\n\n<p>C\u2019est le <strong>ministre responsable de l\u2019Outaouais, Mathieu Lacombe<\/strong>, qui a en a fait l\u2019annonce, lundi matin, \u00e0 Gatineau. \u00abLe projet de mine Lomiko n\u2019a pas mon appui et il n\u2019a pas l\u2019appui du gouvernement, a-t-il lanc\u00e9. Ce projet avait besoin de l\u2019appui du gouvernement pour se concr\u00e9tiser et je vous dis aujourd\u2019hui qu\u2019il ne l\u2019aura pas.\u00bb<\/p>\n\n\n\n<p>Le gouvernement du Qu\u00e9bec ne peut pas emp\u00eacher l\u2019entreprise Lomiko Metals de poursuivre ses d\u00e9marches dans l\u2019objectif de lancer un projet de mine de graphite \u00e0 ciel ouvert entre <strong>Duhamel<\/strong> et <strong>Lac-des-Plages<\/strong>, mais le ministre Lacombe esp\u00e8re que la position du gouvernement permettra de rassurer les citoyens qui se mobilisent depuis d\u00e9j\u00e0 plusieurs mois pour barrer la route au projet.<\/p>\n\n\n\n<p>\u00abLe gouvernement n\u2019a pas de bouton pour d\u00e9brancher le projet, a not\u00e9 le ministre Lacombe, mais ce projet a besoin d\u2019un soutien financier du gouvernement pour voir le jour et il n\u2019aura pas ce soutien financier. On verra comme la suite va se d\u00e9rouler, mais si on lit entre les lignes, ce projet ne verra pas le jour. Techniquement \u00e7a n\u2019emp\u00eache pas l\u2019entreprise de poursuivre ses d\u00e9marches, mais l\u2019entreprise \u00e9tait en demande aupr\u00e8s du gouvernement pour un soutien financier, sans quoi le projet ne pouvait pas se r\u00e9aliser. Je confirme qu\u2019il n\u2019aura pas ce soutien financier parce qu\u2019il n\u2019y a pas d\u2019acceptabilit\u00e9 sociale. Les citoyens n\u2019en veulent pas et surtout ce projet n\u2019est pas au bon endroit.\u00bb<\/p>\n\n\n\n<p>Le ministre et d\u00e9put\u00e9 de Papineau affirme ainsi respecter un engagement qu\u2019il avait pris aupr\u00e8s des citoyens de sa circonscription lors de la derni\u00e8re campagne \u00e9lectorale. \u00abJ\u2019ai dit que je me rangerais derri\u00e8re les citoyens s\u2019il n\u2019y avait pas d\u2019acceptabilit\u00e9 sociale pour ce projet, a rappel\u00e9 le ministre Lacombe. On peut trouver que c\u2019est un bon projet parce que sur le fond, c\u2019est un minerai dont on a besoin, mais il y a l\u2019endroit qui est au c\u0153ur du dossier et ce n\u2019est pas un bon endroit pour accueillir une mine comme celle-l\u00e0.<\/p>\n\n\n\n<p><a href=\"https:\/\/www.ledroit.com\/actualites\/actualites-locales\/2024\/09\/16\/projet-minier-la-loutre-quebec-confirme-quil-nappuie-pas-le-projet-RDEK5BSGIVATHL5TDNOBORL2KI\/\" target=\"_blank\" rel=\"noreferrer noopener\">Lire la suite dans Le Droit<\/a> !<\/p>\n\n<!-- FB Like Button Starbit IT Solutions BEGIN -->\n<div class=\"fb-like\" data-href=\"https:\/\/www.apls.ca\/en\/archives\/6514\" data-layout=\"standard\" data-action=\"like\" data-show-faces=\"true\" data-size=\"small\" data-width=\"450\" data-share=\"1\" ><\/div>\n<!-- FB Like Button Starbit IT Solutions END -->\n","protected":false},"excerpt":{"rendered":"<p>Les citoyens de la Petite-Nation oppos\u00e9s au projet de miner La Loutre peuvent aujourd\u2019hui pousser un soupir de soulagement. Le gouvernement du Qu\u00e9bec vient de confirmer qu\u2019il n\u2019accordera pas son appui \u00e0 l\u2019entreprise Lomiko Metals, ce qui reviendrait pratiquement \u00e0 &hellip; <a href=\"https:\/\/www.apls.ca\/en\/archives\/6514\">Continue reading <span class=\"meta-nav\">&rarr;<\/span><\/a><\/p>\n","protected":false},"author":73,"featured_media":0,"comment_status":"open","ping_status":"open","sticky":false,"template":"","format":"standard","meta":{"footnotes":""},"categories":[1],"tags":[],"class_list":["post-6514","post","type-post","status-publish","format-standard","hentry","category-uncategorized"],"_links":{"self":[{"href":"https:\/\/www.apls.ca\/en\/wp-json\/wp\/v2\/posts\/6514","targetHints":{"allow":["GET"]}}],"collection":[{"href":"https:\/\/www.apls.ca\/en\/wp-json\/wp\/v2\/posts"}],"about":[{"href":"https:\/\/www.apls.ca\/en\/wp-json\/wp\/v2\/types\/post"}],"author":[{"embeddable":true,"href":"https:\/\/www.apls.ca\/en\/wp-json\/wp\/v2\/users\/73"}],"replies":[{"embeddable":true,"href":"https:\/\/www.apls.ca\/en\/wp-json\/wp\/v2\/comments?post=6514"}],"version-history":[{"count":1,"href":"https:\/\/www.apls.ca\/en\/wp-json\/wp\/v2\/posts\/6514\/revisions"}],"predecessor-version":[{"id":6515,"href":"https:\/\/www.apls.ca\/en\/wp-json\/wp\/v2\/posts\/6514\/revisions\/6515"}],"wp:attachment":[{"href":"https:\/\/www.apls.ca\/en\/wp-json\/wp\/v2\/media?parent=6514"}],"wp:term":[{"taxonomy":"category","embeddable":true,"href":"https:\/\/www.apls.ca\/en\/wp-json\/wp\/v2\/categories?post=6514"},{"taxonomy":"post_tag","embeddable":true,"href":"https:\/\/www.apls.ca\/en\/wp-json\/wp\/v2\/tags?post=6514"}],"curies":[{"name":"wp","href":"https:\/\/api.w.org\/{rel}","templated":true}]}}