{"id":6495,"date":"2024-09-17T10:25:28","date_gmt":"2024-09-17T14:25:28","guid":{"rendered":"https:\/\/www.apls.ca\/?p=6495"},"modified":"2024-09-19T10:37:30","modified_gmt":"2024-09-19T14:37:30","slug":"quebec-tourne-le-dos-au-projet-de-mine-de-lomiko-metals-2","status":"publish","type":"post","link":"https:\/\/www.apls.ca\/en\/archives\/6495","title":{"rendered":"Qu\u00e9bec tourne le dos au projet de mine de Lomiko Metals"},"content":{"rendered":"\n<figure class=\"wp-block-image size-large\"><a href=\"http:\/\/www.apls.ca\/wp-content\/uploads\/2024\/09\/460163806_933563125473183_9170447966860597426_n.jpg\"><img loading=\"lazy\" decoding=\"async\" width=\"1024\" height=\"831\" src=\"http:\/\/www.apls.ca\/wp-content\/uploads\/2024\/09\/460163806_933563125473183_9170447966860597426_n-1024x831.jpg\" alt=\"\" class=\"wp-image-6489\" srcset=\"https:\/\/www.apls.ca\/wp-content\/uploads\/2024\/09\/460163806_933563125473183_9170447966860597426_n-1024x831.jpg 1024w, https:\/\/www.apls.ca\/wp-content\/uploads\/2024\/09\/460163806_933563125473183_9170447966860597426_n-300x244.jpg 300w, https:\/\/www.apls.ca\/wp-content\/uploads\/2024\/09\/460163806_933563125473183_9170447966860597426_n-768x624.jpg 768w, https:\/\/www.apls.ca\/wp-content\/uploads\/2024\/09\/460163806_933563125473183_9170447966860597426_n.jpg 1500w\" sizes=\"auto, (max-width: 1024px) 100vw, 1024px\" \/><\/a><\/figure>\n\n\n\n<p>Prenant acte de l\u2019opposition exprim\u00e9e par les citoyens de la r\u00e9gion, le gouvernement du Qu\u00e9bec annonce qu\u2019il n\u2019accordera pas son appui au projet de mine de graphite, men\u00e9 par la <strong>mini\u00e8re Lomiko Metals<\/strong> en Outaouais.<\/p>\n\n\n\n<p>C\u2019est du moins ce qu\u2019a soutenu <strong>le ministre responsable de cette r\u00e9gion, Mathieu Lacombe<\/strong>, au cours d\u2019une m\u00eal\u00e9e de presse lundi matin \u00e0 Gatineau.<\/p>\n\n\n\n<p>\u00abLe projet de mine Lomiko n\u2019a pas mon appui et il n\u2019a pas l\u2019appui du gouvernement, a-t-il inform\u00e9 les journalistes. Ce projet avait besoin de l\u2019appui du gouvernement pour se concr\u00e9tiser et je vous dis aujourd\u2019hui qu\u2019il ne l\u2019aura pas.\u00bb<\/p>\n\n\n\n<p>Le gouvernement du Qu\u00e9bec n\u2019a bien s\u00fbr pas le pouvoir d\u2019emp\u00eacher une soci\u00e9t\u00e9 comme Lomiko Metals de nourrir l\u2019espoir d\u2019un projet de mine \u00e0 ciel ouvert sur le territoire de la Petite-Nation, en Outaouais, \u00e0 une trentaine de kilom\u00e8tres de Mont-Tremblant. Mais le d\u00e9put\u00e9 de Papineau a dit esp\u00e9rer que sa position incitera l\u2019entreprise \u00e0 faire marche arri\u00e8re sur son projet.<\/p>\n\n\n\n<p>\u00abLe gouvernement n\u2019a pas de bouton pour d\u00e9brancher le projet, mais ce projet a besoin d\u2019un soutien financier du gouvernement pour voir le jour et il n\u2019aura pas ce soutien financier. On verra comment la suite va se d\u00e9rouler, mais si on lit entre les lignes, ce projet ne verra pas le jour.\u00bb<\/p>\n\n\n\n<p>Le projet de mine de graphite, men\u00e9 par Lomiko Metals, avec le soutien d\u2019Ottawa et de la D\u00e9fense nationale am\u00e9ricaine, fait l\u2019objet de vives oppositions depuis plus d\u2019un an dans la r\u00e9gion.<\/p>\n\n\n\n<p>En plus de l\u2019ensemble des maires de la r\u00e9gion et de groupes de d\u00e9fense de l\u2019environnement, la communaut\u00e9 des affaires a surpris la semaine derni\u00e8re en se positionnant \u00e0 son tour contre le projet.<\/p>\n\n\n\n<p>\u00abCette sortie des entrepreneurs a \u00e9t\u00e9 un point tournant, la goutte qui a tout fait chavirer\u00bb, analyse le pr\u00e9sident du <strong><a href=\"https:\/\/protectionpetitenation.com\">Regroupement de protection des lacs de la Petite-Nation<\/a><\/strong>, <strong>Louis Saint-Hilaire<\/strong>. \u00abPour nous, \u00e7a a toute l\u2019apparence d\u2019une victoire. Nous en sommes \u00e9videmment heureux. Cela dit, nous avons l\u2019intention de demeurer vigilants pour l\u2019avenir.\u00bb<\/p>\n\n\n\n<p><a href=\"https:\/\/www.journaldemontreal.com\/2024\/09\/16\/quebec-tourne-le-dos-au-projet-de-mine-de-lomiko-metals\" target=\"_blank\" rel=\"noreferrer noopener\">Lire la suite dans le Journal de Montreal<\/a> !<\/p>\n\n<!-- FB Like Button Starbit IT Solutions BEGIN -->\n<div class=\"fb-like\" data-href=\"https:\/\/www.apls.ca\/en\/archives\/6495\" data-layout=\"standard\" data-action=\"like\" data-show-faces=\"true\" data-size=\"small\" data-width=\"450\" data-share=\"1\" ><\/div>\n<!-- FB Like Button Starbit IT Solutions END -->\n","protected":false},"excerpt":{"rendered":"<p>Prenant acte de l\u2019opposition exprim\u00e9e par les citoyens de la r\u00e9gion, le gouvernement du Qu\u00e9bec annonce qu\u2019il n\u2019accordera pas son appui au projet de mine de graphite, men\u00e9 par la mini\u00e8re Lomiko Metals en Outaouais. C\u2019est du moins ce qu\u2019a &hellip; <a href=\"https:\/\/www.apls.ca\/en\/archives\/6495\">Continue reading <span class=\"meta-nav\">&rarr;<\/span><\/a><\/p>\n","protected":false},"author":73,"featured_media":0,"comment_status":"open","ping_status":"open","sticky":false,"template":"","format":"standard","meta":{"footnotes":""},"categories":[1],"tags":[],"class_list":["post-6495","post","type-post","status-publish","format-standard","hentry","category-uncategorized"],"_links":{"self":[{"href":"https:\/\/www.apls.ca\/en\/wp-json\/wp\/v2\/posts\/6495","targetHints":{"allow":["GET"]}}],"collection":[{"href":"https:\/\/www.apls.ca\/en\/wp-json\/wp\/v2\/posts"}],"about":[{"href":"https:\/\/www.apls.ca\/en\/wp-json\/wp\/v2\/types\/post"}],"author":[{"embeddable":true,"href":"https:\/\/www.apls.ca\/en\/wp-json\/wp\/v2\/users\/73"}],"replies":[{"embeddable":true,"href":"https:\/\/www.apls.ca\/en\/wp-json\/wp\/v2\/comments?post=6495"}],"version-history":[{"count":1,"href":"https:\/\/www.apls.ca\/en\/wp-json\/wp\/v2\/posts\/6495\/revisions"}],"predecessor-version":[{"id":6496,"href":"https:\/\/www.apls.ca\/en\/wp-json\/wp\/v2\/posts\/6495\/revisions\/6496"}],"wp:attachment":[{"href":"https:\/\/www.apls.ca\/en\/wp-json\/wp\/v2\/media?parent=6495"}],"wp:term":[{"taxonomy":"category","embeddable":true,"href":"https:\/\/www.apls.ca\/en\/wp-json\/wp\/v2\/categories?post=6495"},{"taxonomy":"post_tag","embeddable":true,"href":"https:\/\/www.apls.ca\/en\/wp-json\/wp\/v2\/tags?post=6495"}],"curies":[{"name":"wp","href":"https:\/\/api.w.org\/{rel}","templated":true}]}}