{"id":3930,"date":"2017-10-18T13:51:56","date_gmt":"2017-10-18T17:51:56","guid":{"rendered":"http:\/\/www.apls.ca?p=3930"},"modified":"2017-10-23T06:39:37","modified_gmt":"2017-10-23T10:39:37","slug":"paul-descoeurs-convoite-la-mairie-de-lac-simon","status":"publish","type":"post","link":"https:\/\/www.apls.ca\/en\/archives\/3930","title":{"rendered":"Paul Descoeurs Convoite la Mairie de Lac-Simon"},"content":{"rendered":"<p><img loading=\"lazy\" decoding=\"async\" class=\"alignnone alignleft\" src=\"http:\/\/www.apls.ca\/wp-content\/uploads\/2017\/10\/image.jpg\" width=\"228\" height=\"152\" \/>Les \u00e9lecteurs de Lac-Simon devront d\u00e9cider qui sera leur nouveau maire, le 5 novembre, puisque <strong>Jean-Paul Descoeurs<\/strong> a d\u00e9pos\u00e9 sa candidature, tout comme le maire sortant Jacques Maill\u00e9, \u00e0 la mairie.<\/p>\n<p>\u00abJe souhaite offrir aux citoyens et aux vill\u00e9giateurs de Lac-Simon une municipalit\u00e9 \u00e0 leur image et dans laquelle ils seront au c\u0153ur des d\u00e9cisions \u00bb, informe M. Descoeurs qui est vill\u00e9giateur \u00e0 Lac-Simon depuis 1972 et r\u00e9sident permanent depuis 2012. \u00abJ\u2019ai toujours aim\u00e9 m\u2019impliquer dans les communaut\u00e9s o\u00f9 j\u2019ai demeur\u00e9 et travailler au bien commun de tous\u00bb, confie celui qui a, entre autres, \u00e9t\u00e9 maire de Montebello de 2000 \u00e0 2009, infirmier licenci\u00e9, directeur chez Assurances-vie Desjardins, propri\u00e9taire d\u2019une boutique de golf et vice-pr\u00e9sident de la F\u00e9d\u00e9ration des villages-relais du Qu\u00e9bec durant sa carri\u00e8re.<\/p>\n<p>\u00abUn maire \u00e9lu sans opposition je ne trouvais pas \u00e7a correct, puisqu\u2019on est en d\u00e9mocratie. J\u2019avais \u00e9t\u00e9 approch\u00e9 par des gens et \u00e7a va donner une autre option aux citoyens avec une vision diff\u00e9rente\u00bb, indique-t-il pour expliquer sa d\u00e9cision de se pr\u00e9senter \u00e0 la mairie. S\u2019il est \u00e9lu, il entend mettre en place une politique de participation citoyenne qui permettra \u00e0 la population d\u2019\u00eatre impliqu\u00e9e dans le processus d\u00e9cisionnel de la municipalit\u00e9 et promet que la transparence sera au centre de sa gestion. Il mentionne \u00e9galement qu\u2019il est essentiel de respecter le choix d\u00e9mocratique des \u00e9lecteurs. \u00ab Je serai un maire qui travaillera en collaboration avec les conseillers municipaux qui pourront s'exprimer et voter en toute libert\u00e9.\u00bb<\/p>\n<p><a href=\"http:\/\/www.lapetitenation.com\/actualites\/Elections-municipales-2017\/2017\/10\/13\/jean-paul-descoeurs--convoite-la-mairie-de-lac-simon.html\">La suite sur le site web de La Petite Nation<\/a>!<\/p>\n\n<!-- FB Like Button Starbit IT Solutions BEGIN -->\n<div class=\"fb-like\" data-href=\"https:\/\/www.apls.ca\/en\/archives\/3930\" data-layout=\"standard\" data-action=\"like\" data-show-faces=\"true\" data-size=\"small\" data-width=\"450\" data-share=\"1\" ><\/div>\n<!-- FB Like Button Starbit IT Solutions END -->\n","protected":false},"excerpt":{"rendered":"<p>Les \u00e9lecteurs de Lac-Simon devront d\u00e9cider qui sera leur nouveau maire, le 5 novembre, puisque Jean-Paul Descoeurs a d\u00e9pos\u00e9 sa candidature, tout comme le maire sortant Jacques Maill\u00e9, \u00e0 la mairie. \u00abJe souhaite offrir aux citoyens et aux vill\u00e9giateurs de &hellip; <a href=\"https:\/\/www.apls.ca\/en\/archives\/3930\">Continue reading <span class=\"meta-nav\">&rarr;<\/span><\/a><\/p>\n","protected":false},"author":73,"featured_media":0,"comment_status":"open","ping_status":"open","sticky":false,"template":"","format":"standard","meta":{"footnotes":""},"categories":[1],"tags":[],"class_list":["post-3930","post","type-post","status-publish","format-standard","hentry","category-uncategorized"],"_links":{"self":[{"href":"https:\/\/www.apls.ca\/en\/wp-json\/wp\/v2\/posts\/3930","targetHints":{"allow":["GET"]}}],"collection":[{"href":"https:\/\/www.apls.ca\/en\/wp-json\/wp\/v2\/posts"}],"about":[{"href":"https:\/\/www.apls.ca\/en\/wp-json\/wp\/v2\/types\/post"}],"author":[{"embeddable":true,"href":"https:\/\/www.apls.ca\/en\/wp-json\/wp\/v2\/users\/73"}],"replies":[{"embeddable":true,"href":"https:\/\/www.apls.ca\/en\/wp-json\/wp\/v2\/comments?post=3930"}],"version-history":[{"count":7,"href":"https:\/\/www.apls.ca\/en\/wp-json\/wp\/v2\/posts\/3930\/revisions"}],"predecessor-version":[{"id":3941,"href":"https:\/\/www.apls.ca\/en\/wp-json\/wp\/v2\/posts\/3930\/revisions\/3941"}],"wp:attachment":[{"href":"https:\/\/www.apls.ca\/en\/wp-json\/wp\/v2\/media?parent=3930"}],"wp:term":[{"taxonomy":"category","embeddable":true,"href":"https:\/\/www.apls.ca\/en\/wp-json\/wp\/v2\/categories?post=3930"},{"taxonomy":"post_tag","embeddable":true,"href":"https:\/\/www.apls.ca\/en\/wp-json\/wp\/v2\/tags?post=3930"}],"curies":[{"name":"wp","href":"https:\/\/api.w.org\/{rel}","templated":true}]}}