{"id":3900,"date":"2017-08-27T07:34:08","date_gmt":"2017-08-27T11:34:08","guid":{"rendered":"http:\/\/www.apls.ca?p=3900"},"modified":"2017-09-06T07:45:32","modified_gmt":"2017-09-06T11:45:32","slug":"lutte-contre-la-myriophylle-a-epis-du-lac-des-plages","status":"publish","type":"post","link":"https:\/\/www.apls.ca\/en\/archives\/3900","title":{"rendered":"Lutte Contre la Myriophylle \u00e0 \u00e9pis du Lac-des-Plages\u00a0"},"content":{"rendered":"<p><img loading=\"lazy\" decoding=\"async\" class=\"alignnone alignleft\" src=\"http:\/\/www.apls.ca\/wp-content\/uploads\/2017\/08\/compte-rendu-2017-Lutte-contre-la-myriophylle-\u00e0-\u00e9pis-du-Lac-des-plages-dragged-copy.jpg\" width=\"238\" height=\"179\" \/>Suite a l'assembl\u00e9e g\u00e9n\u00e9rale annuelle de l'Association des\u00a0Propri\u00e9taires du lac Simon dimanche le 26 ao\u00fbt 2017, voici la pr\u00e9sentation Power Point de\u00a0<strong>Les Algues Bleue-Vert<\/strong>\u00a0par\u00a0<strong>Corine Dubois<\/strong>,\u00a0Coordonnatrice en Environnement \u00a0de\u00a0Lac-des-Plages.<\/p>\n<p><a href=\"http:\/\/www.apls.ca\/wp-content\/uploads\/2017\/09\/partie-1-Lutte-contre-la-myriophylle-\u00e0-\u00e9pis-du-Lac-des-plages-lac-simon-20-aout-20172.pdf\">partie 1 Lutte contre la myriophylle \u00e0 \u00e9pis du Lac-des-plages<\/a><\/p>\n<p><a href=\"http:\/\/www.apls.ca\/wp-content\/uploads\/2017\/09\/partie-2-Lutte-contre-la-myriophylle-\u00e0-\u00e9pis-du-Lac-des-plages-lac-simon-20-aout-20172.pdf\">partie 2 Lutte contre la myriophylle \u00e0 \u00e9pis du Lac-des-plages<\/a><\/p>\n<p>&nbsp;<\/p>\n\n<!-- FB Like Button Starbit IT Solutions BEGIN -->\n<div class=\"fb-like\" data-href=\"https:\/\/www.apls.ca\/en\/archives\/3900\" data-layout=\"standard\" data-action=\"like\" data-show-faces=\"true\" data-size=\"small\" data-width=\"450\" data-share=\"1\" ><\/div>\n<!-- FB Like Button Starbit IT Solutions END -->\n","protected":false},"excerpt":{"rendered":"<p>Suite a l&#8217;assembl\u00e9e g\u00e9n\u00e9rale annuelle de l&#8217;Association des\u00a0Propri\u00e9taires du lac Simon dimanche le 26 ao\u00fbt 2017, voici la pr\u00e9sentation Power Point de\u00a0Les Algues Bleue-Vert\u00a0par\u00a0Corine Dubois,\u00a0Coordonnatrice en Environnement \u00a0de\u00a0Lac-des-Plages. partie 1 Lutte contre la myriophylle \u00e0 \u00e9pis du Lac-des-plages partie 2 &hellip; <a href=\"https:\/\/www.apls.ca\/en\/archives\/3900\">Continue reading <span class=\"meta-nav\">&rarr;<\/span><\/a><\/p>\n","protected":false},"author":73,"featured_media":0,"comment_status":"open","ping_status":"open","sticky":false,"template":"","format":"standard","meta":{"footnotes":""},"categories":[1],"tags":[],"class_list":["post-3900","post","type-post","status-publish","format-standard","hentry","category-uncategorized"],"_links":{"self":[{"href":"https:\/\/www.apls.ca\/en\/wp-json\/wp\/v2\/posts\/3900","targetHints":{"allow":["GET"]}}],"collection":[{"href":"https:\/\/www.apls.ca\/en\/wp-json\/wp\/v2\/posts"}],"about":[{"href":"https:\/\/www.apls.ca\/en\/wp-json\/wp\/v2\/types\/post"}],"author":[{"embeddable":true,"href":"https:\/\/www.apls.ca\/en\/wp-json\/wp\/v2\/users\/73"}],"replies":[{"embeddable":true,"href":"https:\/\/www.apls.ca\/en\/wp-json\/wp\/v2\/comments?post=3900"}],"version-history":[{"count":2,"href":"https:\/\/www.apls.ca\/en\/wp-json\/wp\/v2\/posts\/3900\/revisions"}],"predecessor-version":[{"id":3905,"href":"https:\/\/www.apls.ca\/en\/wp-json\/wp\/v2\/posts\/3900\/revisions\/3905"}],"wp:attachment":[{"href":"https:\/\/www.apls.ca\/en\/wp-json\/wp\/v2\/media?parent=3900"}],"wp:term":[{"taxonomy":"category","embeddable":true,"href":"https:\/\/www.apls.ca\/en\/wp-json\/wp\/v2\/categories?post=3900"},{"taxonomy":"post_tag","embeddable":true,"href":"https:\/\/www.apls.ca\/en\/wp-json\/wp\/v2\/tags?post=3900"}],"curies":[{"name":"wp","href":"https:\/\/api.w.org\/{rel}","templated":true}]}}