{"id":3886,"date":"2017-08-29T08:34:19","date_gmt":"2017-08-29T12:34:19","guid":{"rendered":"http:\/\/www.apls.ca\/?p=3886"},"modified":"2017-08-29T09:23:01","modified_gmt":"2017-08-29T13:23:01","slug":"3886","status":"publish","type":"post","link":"https:\/\/www.apls.ca\/en\/archives\/3886","title":{"rendered":"Lac-Simon: un R\u00e9f\u00e9rendum Sera N\u00e9cessaire"},"content":{"rendered":"<p><img loading=\"lazy\" decoding=\"async\" class=\"alignnone alignleft\" src=\"http:\/\/www.apls.ca\/wp-content\/uploads\/2014\/08\/11205563_920031208019081_6310879976029888433_n.png\" width=\"200\" height=\"199\" \/>Si la municipalit\u00e9 de Lac-Simon souhaite aller de l'avant avec son projet de \u00ab\u2009Carrefour communautaire Lac-Simon\u2009\u00bb, elle devra tenir un r\u00e9f\u00e9rendum sur la question.<\/p>\n<p>Le nombre de <strong>277 signatures<\/strong> a \u00e9t\u00e9 atteint, samedi, lors de la tenue de registre portant sur le r\u00e8glement d'emprunt de <strong>1,9 million de dollars<\/strong> qui doit servir \u00e0 financer la construction d'un nouvel \u00e9difice multifonctionnel qui regrouperait sous le m\u00eame toit une mairie, les bureaux municipaux ainsi qu'une salle communautaire.<\/p>\n<p>Un scrutin devenait n\u00e9cessaire si au moins 247 personnes signaient le document en question.<\/p>\n<p>Le <strong>maire de Lac-Simon, Jacques Maill\u00e9<\/strong>, a laiss\u00e9 entendre lundi que le conseil prendra une d\u00e9cision le 8 septembre, lors de la prochaine assembl\u00e9e du conseil, \u00e0 savoir si le projet est abandonn\u00e9 ou si un processus r\u00e9f\u00e9rendaire sera enclench\u00e9.<\/p>\n<p>Une premi\u00e8re phase de travaux, chiffr\u00e9e \u00e0 <strong>500\u2009000 $<\/strong>, a d\u00e9j\u00e0 \u00e9t\u00e9 r\u00e9alis\u00e9e aux abords du 849, chemin du Tour-du-Lac, l\u00e0 o\u00f9 une parcelle de terrain r\u00e9cemment achet\u00e9e par la municipalit\u00e9 abrite depuis le d\u00e9but de l'\u00e9t\u00e9 une halte-routi\u00e8re, une borne de recharge pour v\u00e9hicules \u00e9lectriques ainsi que d'autres nouvelles installations destin\u00e9es au public.<\/p>\n<p><a href=\"http:\/\/www.lapresse.ca\/le-droit\/actualites\/petite-nation\/201708\/28\/01-5128445-lac-simon-un-referendum-sera-necessaire.php?utm_categorieinterne=trafficdrivers&amp;utm_contenuinterne=cyberpresse_B13b_petite-nation_1679733_section_POS1\">La suite sur le site web de Le Droit<\/a>!<\/p>\n\n<!-- FB Like Button Starbit IT Solutions BEGIN -->\n<div class=\"fb-like\" data-href=\"https:\/\/www.apls.ca\/en\/archives\/3886\" data-layout=\"standard\" data-action=\"like\" data-show-faces=\"true\" data-size=\"small\" data-width=\"450\" data-share=\"1\" ><\/div>\n<!-- FB Like Button Starbit IT Solutions END -->\n","protected":false},"excerpt":{"rendered":"<p>Si la municipalit\u00e9 de Lac-Simon souhaite aller de l&#8217;avant avec son projet de \u00ab\u2009Carrefour communautaire Lac-Simon\u2009\u00bb, elle devra tenir un r\u00e9f\u00e9rendum sur la question. Le nombre de 277 signatures a \u00e9t\u00e9 atteint, samedi, lors de la tenue de registre portant &hellip; <a href=\"https:\/\/www.apls.ca\/en\/archives\/3886\">Continue reading <span class=\"meta-nav\">&rarr;<\/span><\/a><\/p>\n","protected":false},"author":73,"featured_media":0,"comment_status":"open","ping_status":"open","sticky":false,"template":"","format":"standard","meta":{"footnotes":""},"categories":[1],"tags":[],"class_list":["post-3886","post","type-post","status-publish","format-standard","hentry","category-uncategorized"],"_links":{"self":[{"href":"https:\/\/www.apls.ca\/en\/wp-json\/wp\/v2\/posts\/3886","targetHints":{"allow":["GET"]}}],"collection":[{"href":"https:\/\/www.apls.ca\/en\/wp-json\/wp\/v2\/posts"}],"about":[{"href":"https:\/\/www.apls.ca\/en\/wp-json\/wp\/v2\/types\/post"}],"author":[{"embeddable":true,"href":"https:\/\/www.apls.ca\/en\/wp-json\/wp\/v2\/users\/73"}],"replies":[{"embeddable":true,"href":"https:\/\/www.apls.ca\/en\/wp-json\/wp\/v2\/comments?post=3886"}],"version-history":[{"count":6,"href":"https:\/\/www.apls.ca\/en\/wp-json\/wp\/v2\/posts\/3886\/revisions"}],"predecessor-version":[{"id":3892,"href":"https:\/\/www.apls.ca\/en\/wp-json\/wp\/v2\/posts\/3886\/revisions\/3892"}],"wp:attachment":[{"href":"https:\/\/www.apls.ca\/en\/wp-json\/wp\/v2\/media?parent=3886"}],"wp:term":[{"taxonomy":"category","embeddable":true,"href":"https:\/\/www.apls.ca\/en\/wp-json\/wp\/v2\/categories?post=3886"},{"taxonomy":"post_tag","embeddable":true,"href":"https:\/\/www.apls.ca\/en\/wp-json\/wp\/v2\/tags?post=3886"}],"curies":[{"name":"wp","href":"https:\/\/api.w.org\/{rel}","templated":true}]}}