{"id":3563,"date":"2016-08-03T19:06:25","date_gmt":"2016-08-03T23:06:25","guid":{"rendered":"http:\/\/www.apls.ca\/?p=3563"},"modified":"2016-08-09T12:20:44","modified_gmt":"2016-08-09T16:20:44","slug":"algues-bleue-vert-a-lac-simon","status":"publish","type":"post","link":"https:\/\/www.apls.ca\/en\/archives\/3563","title":{"rendered":"Algues Bleue-Vert \u00e0 Lac-Simon"},"content":{"rendered":"<p><img loading=\"lazy\" decoding=\"async\" class=\"alignnone alignleft\" src=\"http:\/\/www.apls.ca\/wp-content\/uploads\/2016\/08\/Algues-bleue-vert-pr\u00e9sentation-assocciation-lac-simon-31-7-2016-dragged-copy-2.jpg\" width=\"235\" height=\"176\" \/>Suite a l'assembl\u00e9e g\u00e9n\u00e9rale annuelle de l'Association des Propri\u00e9taires du lac Simon dimanche le 31 juillet 2016, voici la pr\u00e9sentation Power Point de <strong>Les Algues Bleue-Vert<\/strong> par <strong>Corine Dubois<\/strong>,\u00a0Coordonnatrice en Environnement \u00a0de\u00a0Lac-des-Plages.<\/p>\n<p><a href=\"http:\/\/www.apls.ca\/wp-content\/uploads\/2016\/08\/Algues-bleue-vert-pr\u00e9sentation-assocciation-lac-simon-31-7-2016.pdf\">Pr\u00e9sentation Les Algues Bleue-Vert sur le site web de l'APLS<\/a>!<\/p>\n<p>Bandes riveraines \/ Protection des berges sont essentiels \u00e0 la pr\u00e9servation de la qualit\u00e9 de l'eau:<\/p>\n<p><a href=\"https:\/\/www.facebook.com\/FermeHLF\/\">Ferme HLF<\/a><\/p>\n<p><a href=\"http:\/\/www.rpns.ca\">Organisme de Bassins Versants<\/a> (OBV)<\/p>\n<p>&nbsp;<\/p>\n\n<!-- FB Like Button Starbit IT Solutions BEGIN -->\n<div class=\"fb-like\" data-href=\"https:\/\/www.apls.ca\/en\/archives\/3563\" data-layout=\"standard\" data-action=\"like\" data-show-faces=\"true\" data-size=\"small\" data-width=\"450\" data-share=\"1\" ><\/div>\n<!-- FB Like Button Starbit IT Solutions END -->\n","protected":false},"excerpt":{"rendered":"<p>Suite a l&#8217;assembl\u00e9e g\u00e9n\u00e9rale annuelle de l&#8217;Association des Propri\u00e9taires du lac Simon dimanche le 31 juillet 2016, voici la pr\u00e9sentation Power Point de Les Algues Bleue-Vert par Corine Dubois,\u00a0Coordonnatrice en Environnement \u00a0de\u00a0Lac-des-Plages. Pr\u00e9sentation Les Algues Bleue-Vert sur le site web &hellip; <a href=\"https:\/\/www.apls.ca\/en\/archives\/3563\">Continue reading <span class=\"meta-nav\">&rarr;<\/span><\/a><\/p>\n","protected":false},"author":73,"featured_media":0,"comment_status":"open","ping_status":"open","sticky":false,"template":"","format":"standard","meta":{"footnotes":""},"categories":[96,38,39,30],"tags":[],"class_list":["post-3563","post","type-post","status-publish","format-standard","hentry","category-informations","category-projets","category-realisations","category-reunions"],"_links":{"self":[{"href":"https:\/\/www.apls.ca\/en\/wp-json\/wp\/v2\/posts\/3563","targetHints":{"allow":["GET"]}}],"collection":[{"href":"https:\/\/www.apls.ca\/en\/wp-json\/wp\/v2\/posts"}],"about":[{"href":"https:\/\/www.apls.ca\/en\/wp-json\/wp\/v2\/types\/post"}],"author":[{"embeddable":true,"href":"https:\/\/www.apls.ca\/en\/wp-json\/wp\/v2\/users\/73"}],"replies":[{"embeddable":true,"href":"https:\/\/www.apls.ca\/en\/wp-json\/wp\/v2\/comments?post=3563"}],"version-history":[{"count":5,"href":"https:\/\/www.apls.ca\/en\/wp-json\/wp\/v2\/posts\/3563\/revisions"}],"predecessor-version":[{"id":3574,"href":"https:\/\/www.apls.ca\/en\/wp-json\/wp\/v2\/posts\/3563\/revisions\/3574"}],"wp:attachment":[{"href":"https:\/\/www.apls.ca\/en\/wp-json\/wp\/v2\/media?parent=3563"}],"wp:term":[{"taxonomy":"category","embeddable":true,"href":"https:\/\/www.apls.ca\/en\/wp-json\/wp\/v2\/categories?post=3563"},{"taxonomy":"post_tag","embeddable":true,"href":"https:\/\/www.apls.ca\/en\/wp-json\/wp\/v2\/tags?post=3563"}],"curies":[{"name":"wp","href":"https:\/\/api.w.org\/{rel}","templated":true}]}}