{"id":3485,"date":"2016-05-07T09:08:23","date_gmt":"2016-05-07T13:08:23","guid":{"rendered":"http:\/\/www.apls.ca\/?p=3485"},"modified":"2016-05-07T09:08:23","modified_gmt":"2016-05-07T13:08:23","slug":"domaine-des-peres-projet-manitou-creerait-50-emplois-a-lac-simon","status":"publish","type":"post","link":"https:\/\/www.apls.ca\/en\/archives\/3485","title":{"rendered":"Domaine des P\u00e8res: Projet Manitou cr\u00e9erait 50 emplois \u00e0 Lac-Simon"},"content":{"rendered":"<p><img loading=\"lazy\" decoding=\"async\" class=\"alignnone alignleft\" src=\"http:\/\/www.apls.ca\/wp-content\/uploads\/2016\/05\/2016-05-06-11-17-13-ACT-Lac-Simon.jpg\" alt=\"\" width=\"224\" height=\"149\" \/>Des citoyens de Lac-Simon ont assist\u00e9 \u00e0 la pr\u00e9sentation du <strong>projet Manitou<\/strong>, vendredi soir, imm\u00e9diatement apr\u00e8s la r\u00e9union du conseil municipal o\u00f9 quatre \u00e9lus ont adopt\u00e9 une r\u00e9solution se disant favorable \u00e0 ce projet situ\u00e9 au <strong>Domaine des p\u00e8res Sainte-Croix<\/strong>.<\/p>\n<p>De leur c\u00f4t\u00e9, les conseill\u00e8res <strong>Odette H\u00e9bert<\/strong> et <strong>Chantal Cr\u00eate<\/strong> ont vot\u00e9 contre la r\u00e9solution en mentionnant qu'elles n'appr\u00e9ciaient pas cette fa\u00e7on de faire.<\/p>\n<p>\u00abCe n'est pas notre mandat en tant qu'\u00e9lu d'adopter des projets d'affaires provenant du priv\u00e9. Notre mandat est plut\u00f4t de veiller \u00e0 ce que la r\u00e9glementation soit respect\u00e9e\u00bb, a affirm\u00e9, entre autres, Mme Cr\u00eate.<\/p>\n<p>Le maire de Lac-Simon, <strong>Jacques Maill\u00e9<\/strong>, explique que les promoteurs d\u00e9siraient savoir si la municipalit\u00e9 \u00e9tait en faveur du projet avant d'investir des sommes suppl\u00e9mentaires. Dans la r\u00e9solution, il est inscrit que \u00e7a n'engage pas la municipalit\u00e9 \u00e0 accepter le projet final.<\/p>\n<p><a href=\"http:\/\/www.lapetitenation.com\/Actualites\/2016-05-06\/article-4521613\/Le-projet-Manitou-creerait-50-emplois-a-Lac-Simon\/1\" target=\"_blank\">La suite sur le site web de La Petite Nation<\/a>!<\/p>\n\n<!-- FB Like Button Starbit IT Solutions BEGIN -->\n<div class=\"fb-like\" data-href=\"https:\/\/www.apls.ca\/en\/archives\/3485\" data-layout=\"standard\" data-action=\"like\" data-show-faces=\"true\" data-size=\"small\" data-width=\"450\" data-share=\"1\" ><\/div>\n<!-- FB Like Button Starbit IT Solutions END -->\n","protected":false},"excerpt":{"rendered":"<p>Des citoyens de Lac-Simon ont assist\u00e9 \u00e0 la pr\u00e9sentation du projet Manitou, vendredi soir, imm\u00e9diatement apr\u00e8s la r\u00e9union du conseil municipal o\u00f9 quatre \u00e9lus ont adopt\u00e9 une r\u00e9solution se disant favorable \u00e0 ce projet situ\u00e9 au Domaine des p\u00e8res Sainte-Croix. &hellip; <a href=\"https:\/\/www.apls.ca\/en\/archives\/3485\">Continue reading <span class=\"meta-nav\">&rarr;<\/span><\/a><\/p>\n","protected":false},"author":73,"featured_media":0,"comment_status":"open","ping_status":"open","sticky":false,"template":"","format":"standard","meta":{"footnotes":""},"categories":[1],"tags":[],"class_list":["post-3485","post","type-post","status-publish","format-standard","hentry","category-uncategorized"],"_links":{"self":[{"href":"https:\/\/www.apls.ca\/en\/wp-json\/wp\/v2\/posts\/3485","targetHints":{"allow":["GET"]}}],"collection":[{"href":"https:\/\/www.apls.ca\/en\/wp-json\/wp\/v2\/posts"}],"about":[{"href":"https:\/\/www.apls.ca\/en\/wp-json\/wp\/v2\/types\/post"}],"author":[{"embeddable":true,"href":"https:\/\/www.apls.ca\/en\/wp-json\/wp\/v2\/users\/73"}],"replies":[{"embeddable":true,"href":"https:\/\/www.apls.ca\/en\/wp-json\/wp\/v2\/comments?post=3485"}],"version-history":[{"count":1,"href":"https:\/\/www.apls.ca\/en\/wp-json\/wp\/v2\/posts\/3485\/revisions"}],"predecessor-version":[{"id":3487,"href":"https:\/\/www.apls.ca\/en\/wp-json\/wp\/v2\/posts\/3485\/revisions\/3487"}],"wp:attachment":[{"href":"https:\/\/www.apls.ca\/en\/wp-json\/wp\/v2\/media?parent=3485"}],"wp:term":[{"taxonomy":"category","embeddable":true,"href":"https:\/\/www.apls.ca\/en\/wp-json\/wp\/v2\/categories?post=3485"},{"taxonomy":"post_tag","embeddable":true,"href":"https:\/\/www.apls.ca\/en\/wp-json\/wp\/v2\/tags?post=3485"}],"curies":[{"name":"wp","href":"https:\/\/api.w.org\/{rel}","templated":true}]}}