{"id":3449,"date":"2016-02-24T12:06:12","date_gmt":"2016-02-24T17:06:12","guid":{"rendered":"http:\/\/www.apls.ca\/?p=3449"},"modified":"2016-03-04T12:12:43","modified_gmt":"2016-03-04T17:12:43","slug":"la-population-consultee-pour-des-travaux-forestiers","status":"publish","type":"post","link":"https:\/\/www.apls.ca\/en\/archives\/3449","title":{"rendered":"La Population Consult\u00e9e pour des Travaux Forestiers"},"content":{"rendered":"<p><img loading=\"lazy\" decoding=\"async\" class=\"alignnone alignleft\" src=\"http:\/\/www.apls.ca\/wp-content\/uploads\/2016\/03\/article.jpg\" alt=\"\" width=\"238\" height=\"158\" \/>Le <strong><a href=\"http:\/\/mffp.gouv.qc.ca\/forets\/consultation\/consultation-amenagement.jsp\" target=\"_blank\">minist\u00e8re des For\u00eats, de la Faune et des Parcs<\/a><\/strong> tient une consultation publique sur des travaux forestiers planifi\u00e9s sur des terres publiques de l'Outaouais.<\/p>\n<p>Les travaux forestiers pr\u00e9vus comprennent de la coupe de bois, de la plantation, de la pr\u00e9paration de terrain et du d\u00e9broussaillage. Des travaux de construction et d'am\u00e9lioration des chemins forestiers sont \u00e9galement dans les plans. Les modifications du <strong>Plan d'am\u00e9nagement forestier int\u00e9gr\u00e9 op\u00e9rationnel<\/strong> (PAFIO) pourraient entrer \u00e0 vigueur \u00e0 compter d'avril 2016 et concernent les unit\u00e9s d'am\u00e9nagement 071-51, 071-52, 072-51, 073-51, 073-52 et 074-51.<\/p>\n<p>Une cinquantaine de municipalit\u00e9s de l'Outaouais seront touch\u00e9es par ces travaux. Par exemple, dans la <strong>MRC de Papineau<\/strong>, deux secteurs de r\u00e9colte ont \u00e9t\u00e9 ajout\u00e9s, soit <strong>Duhamel<\/strong> et Val-des-Bois.<\/p>\n<p><a href=\"http:\/\/www.lapetitenation.com\/Actualites\/2016-02-24\/article-4445265\/La-population-consultee-pour-des-travaux-forestiers\/1\" target=\"_blank\">La suite sur le site web de La Petite Nation<\/a>!<\/p>\n\n<!-- FB Like Button Starbit IT Solutions BEGIN -->\n<div class=\"fb-like\" data-href=\"https:\/\/www.apls.ca\/en\/archives\/3449\" data-layout=\"standard\" data-action=\"like\" data-show-faces=\"true\" data-size=\"small\" data-width=\"450\" data-share=\"1\" ><\/div>\n<!-- FB Like Button Starbit IT Solutions END -->\n","protected":false},"excerpt":{"rendered":"<p>Le minist\u00e8re des For\u00eats, de la Faune et des Parcs tient une consultation publique sur des travaux forestiers planifi\u00e9s sur des terres publiques de l&#8217;Outaouais. Les travaux forestiers pr\u00e9vus comprennent de la coupe de bois, de la plantation, de la &hellip; <a href=\"https:\/\/www.apls.ca\/en\/archives\/3449\">Continue reading <span class=\"meta-nav\">&rarr;<\/span><\/a><\/p>\n","protected":false},"author":73,"featured_media":0,"comment_status":"open","ping_status":"open","sticky":false,"template":"","format":"standard","meta":{"footnotes":""},"categories":[96],"tags":[],"class_list":["post-3449","post","type-post","status-publish","format-standard","hentry","category-informations"],"_links":{"self":[{"href":"https:\/\/www.apls.ca\/en\/wp-json\/wp\/v2\/posts\/3449","targetHints":{"allow":["GET"]}}],"collection":[{"href":"https:\/\/www.apls.ca\/en\/wp-json\/wp\/v2\/posts"}],"about":[{"href":"https:\/\/www.apls.ca\/en\/wp-json\/wp\/v2\/types\/post"}],"author":[{"embeddable":true,"href":"https:\/\/www.apls.ca\/en\/wp-json\/wp\/v2\/users\/73"}],"replies":[{"embeddable":true,"href":"https:\/\/www.apls.ca\/en\/wp-json\/wp\/v2\/comments?post=3449"}],"version-history":[{"count":1,"href":"https:\/\/www.apls.ca\/en\/wp-json\/wp\/v2\/posts\/3449\/revisions"}],"predecessor-version":[{"id":3451,"href":"https:\/\/www.apls.ca\/en\/wp-json\/wp\/v2\/posts\/3449\/revisions\/3451"}],"wp:attachment":[{"href":"https:\/\/www.apls.ca\/en\/wp-json\/wp\/v2\/media?parent=3449"}],"wp:term":[{"taxonomy":"category","embeddable":true,"href":"https:\/\/www.apls.ca\/en\/wp-json\/wp\/v2\/categories?post=3449"},{"taxonomy":"post_tag","embeddable":true,"href":"https:\/\/www.apls.ca\/en\/wp-json\/wp\/v2\/tags?post=3449"}],"curies":[{"name":"wp","href":"https:\/\/api.w.org\/{rel}","templated":true}]}}