{"id":3444,"date":"2016-02-29T11:35:36","date_gmt":"2016-02-29T16:35:36","guid":{"rendered":"http:\/\/www.apls.ca\/?p=3444"},"modified":"2016-02-29T11:52:41","modified_gmt":"2016-02-29T16:52:41","slug":"un-patrimoine-religieux-fragile","status":"publish","type":"post","link":"https:\/\/www.apls.ca\/en\/archives\/3444","title":{"rendered":"Un Patrimoine Religieux Fragile"},"content":{"rendered":"<div class=\"excerpt\">\n<p class=\"amorce\"><img loading=\"lazy\" decoding=\"async\" class=\"alignnone alignleft\" src=\"http:\/\/www.apls.ca\/wp-content\/uploads\/2016\/02\/1137102-table-patrimoine-outaouais-celebre-10.jpg\" alt=\"\" width=\"250\" height=\"166\" \/>M\u00eame si on a beaucoup d\u00e9laiss\u00e9 la pratique religieuse au Qu\u00e9bec, on demeure tr\u00e8s attach\u00e9 \u00e0 nos \u00e9glises.<\/p>\n<\/div>\n<div class=\"entry chapitre chapitreTexte\">\n<p>Mais on ne r\u00e9alise pas \u00e0 quel point la pr\u00e9servation de notre patrimoine religieux tient \u00e0 peu de choses.<\/p>\n<p>On a l'impression que l'\u00c9tat qu\u00e9b\u00e9cois veille au grain afin d'\u00e9viter la destruction d'un pan embl\u00e9matique de notre histoire.<\/p>\n<p>Et c'est vrai qu'en mati\u00e8re de pr\u00e9servation du patrimoine religieux, le gouvernement du Qu\u00e9bec fait plus que les autres provinces du Canada, avec des investissements de 10\u00a0millions\u00a0$ par ann\u00e9e.<\/p>\n<p><a href=\"http:\/\/www.lapresse.ca\/le-droit\/chroniqueurs\/patrick-duquette\/201602\/10\/01-4949321-un-patrimoine-religieux-fragile.php\" target=\"_blank\">La suite sur le site web de Le Droit<\/a>!<\/p>\n<\/div>\n\n<!-- FB Like Button Starbit IT Solutions BEGIN -->\n<div class=\"fb-like\" data-href=\"https:\/\/www.apls.ca\/en\/archives\/3444\" data-layout=\"standard\" data-action=\"like\" data-show-faces=\"true\" data-size=\"small\" data-width=\"450\" data-share=\"1\" ><\/div>\n<!-- FB Like Button Starbit IT Solutions END -->\n","protected":false},"excerpt":{"rendered":"<p>M\u00eame si on a beaucoup d\u00e9laiss\u00e9 la pratique religieuse au Qu\u00e9bec, on demeure tr\u00e8s attach\u00e9 \u00e0 nos \u00e9glises. Mais on ne r\u00e9alise pas \u00e0 quel point la pr\u00e9servation de notre patrimoine religieux tient \u00e0 peu de choses. On a l&#8217;impression &hellip; <a href=\"https:\/\/www.apls.ca\/en\/archives\/3444\">Continue reading <span class=\"meta-nav\">&rarr;<\/span><\/a><\/p>\n","protected":false},"author":73,"featured_media":0,"comment_status":"open","ping_status":"open","sticky":false,"template":"","format":"standard","meta":{"footnotes":""},"categories":[96],"tags":[],"class_list":["post-3444","post","type-post","status-publish","format-standard","hentry","category-informations"],"_links":{"self":[{"href":"https:\/\/www.apls.ca\/en\/wp-json\/wp\/v2\/posts\/3444","targetHints":{"allow":["GET"]}}],"collection":[{"href":"https:\/\/www.apls.ca\/en\/wp-json\/wp\/v2\/posts"}],"about":[{"href":"https:\/\/www.apls.ca\/en\/wp-json\/wp\/v2\/types\/post"}],"author":[{"embeddable":true,"href":"https:\/\/www.apls.ca\/en\/wp-json\/wp\/v2\/users\/73"}],"replies":[{"embeddable":true,"href":"https:\/\/www.apls.ca\/en\/wp-json\/wp\/v2\/comments?post=3444"}],"version-history":[{"count":1,"href":"https:\/\/www.apls.ca\/en\/wp-json\/wp\/v2\/posts\/3444\/revisions"}],"predecessor-version":[{"id":3446,"href":"https:\/\/www.apls.ca\/en\/wp-json\/wp\/v2\/posts\/3444\/revisions\/3446"}],"wp:attachment":[{"href":"https:\/\/www.apls.ca\/en\/wp-json\/wp\/v2\/media?parent=3444"}],"wp:term":[{"taxonomy":"category","embeddable":true,"href":"https:\/\/www.apls.ca\/en\/wp-json\/wp\/v2\/categories?post=3444"},{"taxonomy":"post_tag","embeddable":true,"href":"https:\/\/www.apls.ca\/en\/wp-json\/wp\/v2\/tags?post=3444"}],"curies":[{"name":"wp","href":"https:\/\/api.w.org\/{rel}","templated":true}]}}