{"id":2244,"date":"2013-11-04T20:30:10","date_gmt":"2013-11-05T01:30:10","guid":{"rendered":"http:\/\/www.apls.ca\/?p=2244"},"modified":"2013-11-05T14:38:31","modified_gmt":"2013-11-05T19:38:31","slug":"elections-municipales-2013-a-lac-simon","status":"publish","type":"post","link":"https:\/\/www.apls.ca\/en\/archives\/2244","title":{"rendered":"\u00c9LECTIONS MUNICIPALES 2013 \u00c0 LAC-SIMON"},"content":{"rendered":"<p><img loading=\"lazy\" decoding=\"async\" class=\"alignleft size-full wp-image-2253\" alt=\"ElectionMunicipale2013\" src=\"http:\/\/www.apls.ca\/wp-content\/uploads\/2013\/11\/ElectionMunicipale2013.png\" width=\"150\" height=\"150\" srcset=\"https:\/\/www.apls.ca\/wp-content\/uploads\/2013\/11\/ElectionMunicipale2013.png 150w, https:\/\/www.apls.ca\/wp-content\/uploads\/2013\/11\/ElectionMunicipale2013-100x100.png 100w\" sizes=\"auto, (max-width: 150px) 100vw, 150px\" \/>Nous connaissons maintenant celles et ceux qui nous repr\u00e9senteront au conseil municipale de Lac-Simon. Vous le constaterez la lutte fut chaude aux diff\u00e9rents postes sauf \u00e0 la mairie.<\/p>\n<p>Les candidats(es) ind\u00e9pendants(es) ont fait tr\u00e8s belle figure et deux d\u2019entre elles ont remport\u00e9 la victoire, Chantal Cr\u00eate et Odette H\u00e9bert. Elles deviendront ce que nous voulions qu\u2019il y ait \u00e0 la municipalit\u00e9... une opposition.<\/p>\n<p>Certes le travail ne sera pas facile. Mais compte tenu de leur d\u00e9termination, de leur souci d\u2019int\u00e9grit\u00e9 et de leur volont\u00e9 de pr\u00e9server cet endroit unique qu\u2019est Lac-Simon, nous ne pouvons qu\u2019\u00eatre fiers d\u2019elles et leur apporter tout notre support.<br \/>\n<!--more--><\/p>\n<table>\n<tbody>\n<tr>\n<th>Poste<\/th>\n<th>Parti politique<\/th>\n<th>Candidat(e) \u00e9lu(e)<\/th>\n<\/tr>\n<tr>\n<td>Maire<\/td>\n<td>\u00c9quipe Jacques Maill\u00e9<\/td>\n<td>Jacques Maill\u00e9<\/td>\n<\/tr>\n<tr>\n<td>Conseiller #1<\/td>\n<td>\u00c9quipe Jacques Maill\u00e9<\/td>\n<td>Louise Houle Richard<\/td>\n<\/tr>\n<tr>\n<td>Conseiller #2<\/td>\n<td>\u00c9quipe Jacques Maill\u00e9<\/td>\n<td>Gilles Robillard<\/td>\n<\/tr>\n<tr>\n<td>Conseiller #3<\/td>\n<td>Ind\u00e9pendante<\/td>\n<td>Odette H\u00e9bert<\/td>\n<\/tr>\n<tr>\n<td>Conseiller #4<\/td>\n<td>Ind\u00e9pendante<\/td>\n<td>Chantal Cr\u00eate<\/td>\n<\/tr>\n<tr>\n<td>Conseiller #5<\/td>\n<td>\u00c9quipe Jacques Maill\u00e9<\/td>\n<td>Michel Lavigne<\/td>\n<\/tr>\n<tr>\n<td>Conseiller #6<\/td>\n<td>\u00c9quipe Jacques Maill\u00e9<\/td>\n<td>Jean-Fran\u00e7ois David<\/td>\n<\/tr>\n<\/tbody>\n<\/table>\n<p><a href=\"http:\/\/resultats.electionsmunicipales.gouv.qc.ca\/resultats.html?r=7&amp;v=80095\" target=\"_blank\">Les R\u00e9sultats officiels sont disponibles sur le site du minist\u00e8re des Affaires municipales, R\u00e9gions et Occupation du territoire.<\/a><\/p>\n<p>F\u00e9licitations aux candidates(es) pour cette implication citoyenne et remerciements \u00e0 tous ceux et celles qui, de pr\u00e8s ou de loin, ont oeuvr\u00e9 \u00e0 cette op\u00e9ration \u00e9lectorale 2013.<\/p>\n<p>Andr\u00e9 Daigneault, pr\u00e9sident de l\u2019APLS<\/p>\n\n<!-- FB Like Button Starbit IT Solutions BEGIN -->\n<div class=\"fb-like\" data-href=\"https:\/\/www.apls.ca\/en\/archives\/2244\" data-layout=\"standard\" data-action=\"like\" data-show-faces=\"true\" data-size=\"small\" data-width=\"450\" data-share=\"1\" ><\/div>\n<!-- FB Like Button Starbit IT Solutions END -->\n","protected":false},"excerpt":{"rendered":"<p>Nous connaissons maintenant celles et ceux qui nous repr\u00e9senteront au conseil municipale de Lac-Simon. Vous le constaterez la lutte fut chaude aux diff\u00e9rents postes sauf \u00e0 la mairie. Les candidats(es) ind\u00e9pendants(es) ont fait tr\u00e8s belle figure et deux d\u2019entre elles &hellip; <a href=\"https:\/\/www.apls.ca\/en\/archives\/2244\">Continue reading <span class=\"meta-nav\">&rarr;<\/span><\/a><\/p>\n","protected":false},"author":72,"featured_media":0,"comment_status":"open","ping_status":"open","sticky":false,"template":"","format":"standard","meta":{"footnotes":""},"categories":[44,29],"tags":[149],"class_list":["post-2244","post","type-post","status-publish","format-standard","hentry","category-bulletin","category-communiques","tag-election-2013"],"_links":{"self":[{"href":"https:\/\/www.apls.ca\/en\/wp-json\/wp\/v2\/posts\/2244","targetHints":{"allow":["GET"]}}],"collection":[{"href":"https:\/\/www.apls.ca\/en\/wp-json\/wp\/v2\/posts"}],"about":[{"href":"https:\/\/www.apls.ca\/en\/wp-json\/wp\/v2\/types\/post"}],"author":[{"embeddable":true,"href":"https:\/\/www.apls.ca\/en\/wp-json\/wp\/v2\/users\/72"}],"replies":[{"embeddable":true,"href":"https:\/\/www.apls.ca\/en\/wp-json\/wp\/v2\/comments?post=2244"}],"version-history":[{"count":9,"href":"https:\/\/www.apls.ca\/en\/wp-json\/wp\/v2\/posts\/2244\/revisions"}],"predecessor-version":[{"id":2256,"href":"https:\/\/www.apls.ca\/en\/wp-json\/wp\/v2\/posts\/2244\/revisions\/2256"}],"wp:attachment":[{"href":"https:\/\/www.apls.ca\/en\/wp-json\/wp\/v2\/media?parent=2244"}],"wp:term":[{"taxonomy":"category","embeddable":true,"href":"https:\/\/www.apls.ca\/en\/wp-json\/wp\/v2\/categories?post=2244"},{"taxonomy":"post_tag","embeddable":true,"href":"https:\/\/www.apls.ca\/en\/wp-json\/wp\/v2\/tags?post=2244"}],"curies":[{"name":"wp","href":"https:\/\/api.w.org\/{rel}","templated":true}]}}