{"id":2202,"date":"2013-10-21T23:57:02","date_gmt":"2013-10-22T03:57:02","guid":{"rendered":"http:\/\/www.apls.ca\/?p=2202"},"modified":"2013-10-22T01:40:13","modified_gmt":"2013-10-22T05:40:13","slug":"mot-du-president-election-2013","status":"publish","type":"post","link":"https:\/\/www.apls.ca\/en\/archives\/2202","title":{"rendered":"Mot du pr\u00e9sident &#8211; \u00c9lection 2013"},"content":{"rendered":"<p><img loading=\"lazy\" decoding=\"async\" src=\"http:\/\/www.apls.ca\/wp-content\/uploads\/2010\/06\/AndreDaigneault.png\" alt=\"Andr\u00e9 Daigneault, President\" width=\"150\" height=\"150\" class=\"alignleft size-full wp-image-2169\" srcset=\"https:\/\/www.apls.ca\/wp-content\/uploads\/2010\/06\/AndreDaigneault.png 150w, https:\/\/www.apls.ca\/wp-content\/uploads\/2010\/06\/AndreDaigneault-100x100.png 100w\" sizes=\"auto, (max-width: 150px) 100vw, 150px\" \/>Nous connaissons maintenant les candidats aux diff\u00e9rents postes de maire et de conseillers. Lac-Simon ne fait pas exception et il y aura \u00e9lections \u00e0 la mairie et pour cinq des six postes de conseill\u00e8res\/conseillers.<\/p>\n<p>D'entr\u00e9e de jeu, permettez-moi une mise-au-point. Actuellement plusieurs nous font le reproche de mettre de la pression ou \u00ab pousser \u00bb des gens \u00e0 se pr\u00e9senter lors des mises en candidature. Je peux vous affirmer, sans l\u2019ombre d\u2019un doute, que l'APLS ne presse qui que ce soit dans cette d\u00e9marche. Au contraire, nous consid\u00e9rons que cette volont\u00e9 de vouloir repr\u00e9senter ses concitoyens et de s'impliquer de la sorte est d\u2019abord et avant tout une affaire personnelle et que c'est \u00e0 chaque individu d'en d\u00e9cider.<br \/>\n<!--more--><br \/>\nPar contre, \u00e0 partir du moment o\u00f9 quelqu'un d\u00e9cide de poser sa candidature et que ses valeurs et ses objectifs vont dans le m\u00eame sens que ceux v\u00e9hicul\u00e9s par l'APLS, c'est une autre affaire. L'association a appuy\u00e9, appuie et appuiera tout candidat qui pr\u00e9conise la protection des lacs et cours d\u2019eau du territoire et la qualit\u00e9 de vie des citoyens y vivant\u2026 c\u2019est notre devise.<\/p>\n<p>Et qui plus est, \u00e0 cette \u00e9lection-ci, certains de nos membres et sympathisants sont sur les rangs. Devrions-nous l'ignorer? Je ne crois pas. Non pas uniquement parce que quelques-uns de nos membres se pr\u00e9sentent mais surtout en raison de la formation pour l'\u00e9lection municipale du 3 novembre, d'une \u00ab \u00c9quipe \u00bb porteuse d\u2019une vision du d\u00e9veloppement et des affaires municipales que nous ne partageons pas. Que des gens veulent se regrouper en \u00e9quipe, c'est leur droit. L\u00e0 o\u00f9 cela pose probl\u00e8me c'est que, comme aux autres paliers de gouvernement, \u00ab la ligne du parti \u00bb n\u2019admet aucune d\u00e9fection. Je suis persuad\u00e9 que dans une soci\u00e9t\u00e9 d\u00e9mocratique il est n\u00e9cessaire qu'il y ait une (et m\u00eame plusieurs) voix pour l'opposition ou pour des points de vue diff\u00e9rents.<\/p>\n<p>Ajoutons \u00e0 cela, compte tenu de certaines irr\u00e9gularit\u00e9s (vices de proc\u00e9dure, changements de zonage douteux, etc) du temps o\u00f9 plusieurs membres de l' \u00ab \u00c9quipe \u00bb \u00e9taient en poste \u00e0 la municipalit\u00e9, qu'il y a lieu d'\u00eatre inquiet quant \u00e0 la suite des choses pour les quatre ann\u00e9es \u00e0 venir.<\/p>\n<p>C'est pourquoi l'APLS appuie les candidats(es) ind\u00e9pendants(es), issus(es) de l\u2019association, aux diff\u00e9rents postes de conseill\u00e8res\/conseillers. Ces candidats sont : Chantal Cr\u00eate, Odette H\u00e9bert, Michel Ramirez et Paul Malouf. Nous sommes persuad\u00e9s que leur honn\u00eatet\u00e9, leur int\u00e9grit\u00e9, leur libert\u00e9 de s'exprimer et leur \u00e9coute font d'eux des personnes dignes de m\u00e9riter votre confiance lors du prochain scrutin. Nous vous invitons d'ailleurs \u00e0 vous rendre sur le site de l'<a href=\"http:\/\/www.apls.ca\">APLS<\/a> o\u00f9 vous trouverez les liens vous permettant de consulter leurs d\u00e9pliants.<\/p>\n<p>Par ailleurs, afin de mieux conna\u00eetre leur plate-forme respective et ainsi pouvoir v\u00e9rifier si celle-ci concorde avec nos objectifs et nos valeurs, l'APLS a voulu rencontrer les candidats \u00e0 la mairie. Apr\u00e8s avoir accept\u00e9 spontan\u00e9ment notre invitation, M. Jacques Maill\u00e9 s'est, quelques minutes plus tard, d\u00e9sist\u00e9 nous r\u00e9f\u00e9rant plut\u00f4t au site internet de son groupe. M. Richard Cr\u00eate pour sa part a accept\u00e9 notre demande et nous l'avons rencontr\u00e9 (voir questions et r\u00e9ponses plus loin).<\/p>\n<p>En terminant je voudrais souligner l'importance pour chaque personne \u00e9ligible d'ALLER VOTER. C'est notre seul moyen d'orienter nos repr\u00e9sentants municipaux sur ce que nous voulons que Lac-Simon devienne.<\/p>\n<p>Andr\u00e9 Daigneault, pr\u00e9sident de l'APLS<\/p>\n\n<!-- FB Like Button Starbit IT Solutions BEGIN -->\n<div class=\"fb-like\" data-href=\"https:\/\/www.apls.ca\/en\/archives\/2202\" data-layout=\"standard\" data-action=\"like\" data-show-faces=\"true\" data-size=\"small\" data-width=\"450\" data-share=\"1\" ><\/div>\n<!-- FB Like Button Starbit IT Solutions END -->\n","protected":false},"excerpt":{"rendered":"<p>Nous connaissons maintenant les candidats aux diff\u00e9rents postes de maire et de conseillers. Lac-Simon ne fait pas exception et il y aura \u00e9lections \u00e0 la mairie et pour cinq des six postes de conseill\u00e8res\/conseillers. D&#8217;entr\u00e9e de jeu, permettez-moi une mise-au-point. &hellip; <a href=\"https:\/\/www.apls.ca\/en\/archives\/2202\">Continue reading <span class=\"meta-nav\">&rarr;<\/span><\/a><\/p>\n","protected":false},"author":72,"featured_media":0,"comment_status":"open","ping_status":"open","sticky":false,"template":"","format":"standard","meta":{"footnotes":""},"categories":[29,96],"tags":[149],"class_list":["post-2202","post","type-post","status-publish","format-standard","hentry","category-communiques","category-informations","tag-election-2013"],"_links":{"self":[{"href":"https:\/\/www.apls.ca\/en\/wp-json\/wp\/v2\/posts\/2202","targetHints":{"allow":["GET"]}}],"collection":[{"href":"https:\/\/www.apls.ca\/en\/wp-json\/wp\/v2\/posts"}],"about":[{"href":"https:\/\/www.apls.ca\/en\/wp-json\/wp\/v2\/types\/post"}],"author":[{"embeddable":true,"href":"https:\/\/www.apls.ca\/en\/wp-json\/wp\/v2\/users\/72"}],"replies":[{"embeddable":true,"href":"https:\/\/www.apls.ca\/en\/wp-json\/wp\/v2\/comments?post=2202"}],"version-history":[{"count":4,"href":"https:\/\/www.apls.ca\/en\/wp-json\/wp\/v2\/posts\/2202\/revisions"}],"predecessor-version":[{"id":2240,"href":"https:\/\/www.apls.ca\/en\/wp-json\/wp\/v2\/posts\/2202\/revisions\/2240"}],"wp:attachment":[{"href":"https:\/\/www.apls.ca\/en\/wp-json\/wp\/v2\/media?parent=2202"}],"wp:term":[{"taxonomy":"category","embeddable":true,"href":"https:\/\/www.apls.ca\/en\/wp-json\/wp\/v2\/categories?post=2202"},{"taxonomy":"post_tag","embeddable":true,"href":"https:\/\/www.apls.ca\/en\/wp-json\/wp\/v2\/tags?post=2202"}],"curies":[{"name":"wp","href":"https:\/\/api.w.org\/{rel}","templated":true}]}}