{"id":2134,"date":"2013-08-15T10:19:49","date_gmt":"2013-08-15T14:19:49","guid":{"rendered":"http:\/\/www.apls.ca\/?p=2134"},"modified":"2013-08-15T10:20:40","modified_gmt":"2013-08-15T14:20:40","slug":"zone-27p-du-plan-durbanisme-de-la-municipalite-de-lac-simon","status":"publish","type":"post","link":"https:\/\/www.apls.ca\/en\/archives\/2134","title":{"rendered":"ZONE 27P du plan d\u2019urbanisme de la municipalit\u00e9 de Lac-Simon"},"content":{"rendered":"<p><a href=\"http:\/\/www.apls.ca\/wp-content\/uploads\/2010\/07\/avatar.jpg\"><img loading=\"lazy\" decoding=\"async\" class=\"alignleft size-thumbnail wp-image-966\" alt=\"avatar\" src=\"http:\/\/www.apls.ca\/wp-content\/uploads\/2010\/07\/avatar-150x150.jpg\" width=\"150\" height=\"150\" \/><\/a>Monsieur le Maire,<\/p>\n<p>Consid\u00e9rant que lors de l\u2019adoption du plan d\u2019urbanisme de la municipalit\u00e9, en octobre 2012, la grille de sp\u00e9cifications de la ZONE 27- P poss\u00e9dait le groupe d\u2019usage H1 soit UN logement maximum et UN seul d\u00e9barcad\u00e8re pour toute le zone 27-P, soit le d\u00e9barcad\u00e8re public devant la mairie.<br \/>\n<!--more--><br \/>\nConsid\u00e9rant que ce groupe d\u2019usage a \u00e9t\u00e9 modifi\u00e9 \u00e0 4 logements maximum par lot, sans avis et\/ou consultation du CCU ni m\u00eame adopt\u00e9 par le Conseil municipal, consid\u00e9rant les nombreuses objections des citoyens lors de l\u2019assembl\u00e9e du Conseil du 2 ao\u00fbt dernier sur ce sujet, l\u2019Association des Propri\u00e9taires du Lac Simon (APLS), au nom de ces citoyens m\u00e9contents, demande \u00e0 la municipalit\u00e9 de Lac-Simon de statuer en r\u00e9tablissant la grille de sp\u00e9cifications de la ZONE 27-P telle qu\u2019elle \u00e9tait lors de son adoption. De plus, \u00e0 notre avis, il n\u2019y aurait pas lieu de pr\u00e9senter un avis de motion sur le sujet puisqu\u2019il semble que ce ne soit qu\u2019une \u00ab erreur \u00bb \u00e0 corriger. Finalement l\u2019APLS croit qu\u2019il faille s\u2019interroger quant \u00e0 l\u2019implantation de trop de quais collectifs dans cette zone plus particuli\u00e8rement du c\u00f4t\u00e9 de la baie Gamache.<\/p>\n<p>Vous comprendrez, monsieur le Maire, que pour l\u2019APLS la sant\u00e9 des lacs et des cours d\u2019eau du territoire et la qualit\u00e9 de vie des citoyens priment sur le d\u00e9veloppement, sans pour autant s\u2019opposer au d\u00e9veloppement durable.<\/p>\n<p>Andr\u00e9 Daigneault, pr\u00e9sident de l\u2019APLS<\/p>\n<p>c.c. Madame Louise Houle Richard, conseill\u00e8re<br \/>\nMadame Lise Villeneuve, conseill\u00e8re<br \/>\nMonsieur Robert Johnson, conseiller<br \/>\nMonsieur Paul Malouf, conseiller<br \/>\nMonsieur Pierre Paquin, conseiller<br \/>\nMonsieur Gilles Robillard, conseiller<br \/>\nMonsieur Benoit H\u00e9bert, directeur-g\u00e9n\u00e9ral<br \/>\nMadame G\u00e9raldine Hutton, pr\u00e9sidente du CCU<\/p>\n\n<!-- FB Like Button Starbit IT Solutions BEGIN -->\n<div class=\"fb-like\" data-href=\"https:\/\/www.apls.ca\/en\/archives\/2134\" data-layout=\"standard\" data-action=\"like\" data-show-faces=\"true\" data-size=\"small\" data-width=\"450\" data-share=\"1\" ><\/div>\n<!-- FB Like Button Starbit IT Solutions END -->\n","protected":false},"excerpt":{"rendered":"<p>Monsieur le Maire, Consid\u00e9rant que lors de l\u2019adoption du plan d\u2019urbanisme de la municipalit\u00e9, en octobre 2012, la grille de sp\u00e9cifications de la ZONE 27- P poss\u00e9dait le groupe d\u2019usage H1 soit UN logement maximum et UN seul d\u00e9barcad\u00e8re pour &hellip; <a href=\"https:\/\/www.apls.ca\/en\/archives\/2134\">Continue reading <span class=\"meta-nav\">&rarr;<\/span><\/a><\/p>\n","protected":false},"author":72,"featured_media":0,"comment_status":"open","ping_status":"open","sticky":false,"template":"","format":"standard","meta":{"footnotes":""},"categories":[29],"tags":[135,133,136,134],"class_list":["post-2134","post","type-post","status-publish","format-standard","hentry","category-communiques","tag-27-p","tag-gamache","tag-quais","tag-zone-27-p"],"_links":{"self":[{"href":"https:\/\/www.apls.ca\/en\/wp-json\/wp\/v2\/posts\/2134","targetHints":{"allow":["GET"]}}],"collection":[{"href":"https:\/\/www.apls.ca\/en\/wp-json\/wp\/v2\/posts"}],"about":[{"href":"https:\/\/www.apls.ca\/en\/wp-json\/wp\/v2\/types\/post"}],"author":[{"embeddable":true,"href":"https:\/\/www.apls.ca\/en\/wp-json\/wp\/v2\/users\/72"}],"replies":[{"embeddable":true,"href":"https:\/\/www.apls.ca\/en\/wp-json\/wp\/v2\/comments?post=2134"}],"version-history":[{"count":2,"href":"https:\/\/www.apls.ca\/en\/wp-json\/wp\/v2\/posts\/2134\/revisions"}],"predecessor-version":[{"id":2136,"href":"https:\/\/www.apls.ca\/en\/wp-json\/wp\/v2\/posts\/2134\/revisions\/2136"}],"wp:attachment":[{"href":"https:\/\/www.apls.ca\/en\/wp-json\/wp\/v2\/media?parent=2134"}],"wp:term":[{"taxonomy":"category","embeddable":true,"href":"https:\/\/www.apls.ca\/en\/wp-json\/wp\/v2\/categories?post=2134"},{"taxonomy":"post_tag","embeddable":true,"href":"https:\/\/www.apls.ca\/en\/wp-json\/wp\/v2\/tags?post=2134"}],"curies":[{"name":"wp","href":"https:\/\/api.w.org\/{rel}","templated":true}]}}