{"id":2070,"date":"2013-06-27T16:19:24","date_gmt":"2013-06-27T20:19:24","guid":{"rendered":"http:\/\/www.apls.ca\/?p=2070"},"modified":"2013-06-29T13:52:09","modified_gmt":"2013-06-29T17:52:09","slug":"le-bruit-et-la-sante-du-lac-a-lordre-du-jour-jessy-laflamme","status":"publish","type":"post","link":"https:\/\/www.apls.ca\/en\/archives\/2070","title":{"rendered":"Le bruit et la sant\u00e9 du lac \u00e0 l&#8217;ordre du jour &#8211; Jessy Laflamme"},"content":{"rendered":"<p><img loading=\"lazy\" decoding=\"async\" class=\"alignleft\" alt=\"\" src=\"http:\/\/images.lpcdn.ca\/924x615\/201306\/27\/709281.jpg\" width=\"228\" height=\"152\" \/>Le bruit et la sant\u00e9 du lac Simon seront s\u00fbrement au coeur des discussions lors de l'assembl\u00e9e g\u00e9n\u00e9rale annuelle de l'Association des propri\u00e9taires du lac Simon (APLS) ce dimanche.<\/p>\n<p>\u00abLe bruit d\u00e9range beaucoup de gens, pr\u00e9cise le vice-pr\u00e9sident de l'APLS, Andr\u00e9 Daigneault. Il faudrait la pr\u00e9sence constante de la S\u00fbret\u00e9 du Qu\u00e9bec pour que \u00e7a se r\u00e8gle, mais comme c'est impossible, je pense que la sensibilisation et l'\u00e9ducation seront les solutions. C'est le temps qui fera la diff\u00e9rence.\u00bb<\/p>\n<p>La suite sur le site web de <a href=\"http:\/\/www.lapresse.ca\/le-droit\/actualites\/petite-nation\/201306\/27\/01-4665441-le-bruit-et-la-sante-du-lac-a-lordre-du-jour.php?utm_categorieinterne=trafficdrivers&amp;utm_contenuinterne=envoyer_cbp\" target=\"_blank\">LaPresse.ca<\/a>!<\/p>\n\n<!-- FB Like Button Starbit IT Solutions BEGIN -->\n<div class=\"fb-like\" data-href=\"https:\/\/www.apls.ca\/en\/archives\/2070\" data-layout=\"standard\" data-action=\"like\" data-show-faces=\"true\" data-size=\"small\" data-width=\"450\" data-share=\"1\" ><\/div>\n<!-- FB Like Button Starbit IT Solutions END -->\n","protected":false},"excerpt":{"rendered":"<p>Le bruit et la sant\u00e9 du lac Simon seront s\u00fbrement au coeur des discussions lors de l&#8217;assembl\u00e9e g\u00e9n\u00e9rale annuelle de l&#8217;Association des propri\u00e9taires du lac Simon (APLS) ce dimanche. \u00abLe bruit d\u00e9range beaucoup de gens, pr\u00e9cise le vice-pr\u00e9sident de l&#8217;APLS, &hellip; <a href=\"https:\/\/www.apls.ca\/en\/archives\/2070\">Continue reading <span class=\"meta-nav\">&rarr;<\/span><\/a><\/p>\n","protected":false},"author":72,"featured_media":0,"comment_status":"open","ping_status":"open","sticky":false,"template":"","format":"standard","meta":{"footnotes":""},"categories":[29,96],"tags":[46,47,126],"class_list":["post-2070","post","type-post","status-publish","format-standard","hentry","category-communiques","category-informations","tag-assemblee","tag-generale","tag-lapresse"],"_links":{"self":[{"href":"https:\/\/www.apls.ca\/en\/wp-json\/wp\/v2\/posts\/2070","targetHints":{"allow":["GET"]}}],"collection":[{"href":"https:\/\/www.apls.ca\/en\/wp-json\/wp\/v2\/posts"}],"about":[{"href":"https:\/\/www.apls.ca\/en\/wp-json\/wp\/v2\/types\/post"}],"author":[{"embeddable":true,"href":"https:\/\/www.apls.ca\/en\/wp-json\/wp\/v2\/users\/72"}],"replies":[{"embeddable":true,"href":"https:\/\/www.apls.ca\/en\/wp-json\/wp\/v2\/comments?post=2070"}],"version-history":[{"count":4,"href":"https:\/\/www.apls.ca\/en\/wp-json\/wp\/v2\/posts\/2070\/revisions"}],"predecessor-version":[{"id":2078,"href":"https:\/\/www.apls.ca\/en\/wp-json\/wp\/v2\/posts\/2070\/revisions\/2078"}],"wp:attachment":[{"href":"https:\/\/www.apls.ca\/en\/wp-json\/wp\/v2\/media?parent=2070"}],"wp:term":[{"taxonomy":"category","embeddable":true,"href":"https:\/\/www.apls.ca\/en\/wp-json\/wp\/v2\/categories?post=2070"},{"taxonomy":"post_tag","embeddable":true,"href":"https:\/\/www.apls.ca\/en\/wp-json\/wp\/v2\/tags?post=2070"}],"curies":[{"name":"wp","href":"https:\/\/api.w.org\/{rel}","templated":true}]}}