{"id":1432,"date":"2011-02-16T14:25:05","date_gmt":"2011-02-16T19:25:05","guid":{"rendered":"http:\/\/www.apls.ca\/?p=1432"},"modified":"2011-02-16T14:39:34","modified_gmt":"2011-02-16T19:39:34","slug":"deces-de-denis-papin-maire-de-lac-simon","status":"publish","type":"post","link":"https:\/\/www.apls.ca\/en\/archives\/1432","title":{"rendered":"D\u00e9c\u00e8s de Denis Papin, maire de lac Simon"},"content":{"rendered":"<p style=\"text-align: justify;\"><img loading=\"lazy\" decoding=\"async\" class=\"alignleft size-thumbnail wp-image-1435\" title=\"Denis Papin\" src=\"http:\/\/www.apls.ca\/wp-content\/uploads\/2011\/02\/DenisPapin-150x150.png\" alt=\"\" width=\"150\" height=\"150\" \/>Le maire de la municipalit\u00e9 de Lac-Simon, Denis Papin, est d\u00e9c\u00e9d\u00e9 samedi le 12 f\u00e9vrier dernier.<\/p>\n<p style=\"text-align: justify;\">Depuis novembre dernier, M. Papin combattait un cancer. La maladie l'a emport\u00e9 en quelques mois. Il \u00e9tait en poste depuis les derni\u00e8res \u00e9lections en 2009. Au cours de ce bref mandat, il a travaill\u00e9 avec \u00e9nergie et d\u00e9vouement au service des contribuables de la municipalit\u00e9.<\/p>\n<p style=\"text-align: justify;\">Le conseil ex\u00e9cutif de l'Association des Propri\u00e9taires du Lac Simon offre ses sinc\u00e8res condol\u00e9ances \u00e0 sa conjointe, Madame Claudine Lavall\u00e9e, \u00e0 ses enfants ainsi qu'a toute sa famille. Les fun\u00e9railles seront c\u00e9l\u00e9br\u00e9es le 21 f\u00e9vrier prochain \u00e0 11h, \u00e0 l'\u00e9glise de Ch\u00e9n\u00e9ville. Une visite en pr\u00e9sence des cendres sera possible le dimanche 20 f\u00e9vrier de 19h \u00e0 22h, au Complexe fun\u00e9raire de la Petite-Nation.<\/p>\n<p style=\"text-align: justify;\">Un don, \u00e0 sa m\u00e9moire, a \u00e9t\u00e9 envoy\u00e9 \u00e0 la Fondation qu\u00e9b\u00e9coise du cancer au nom des membres de de l'APLS.<\/p>\n\n<!-- FB Like Button Starbit IT Solutions BEGIN -->\n<div class=\"fb-like\" data-href=\"https:\/\/www.apls.ca\/en\/archives\/1432\" data-layout=\"standard\" data-action=\"like\" data-show-faces=\"true\" data-size=\"small\" data-width=\"450\" data-share=\"1\" ><\/div>\n<!-- FB Like Button Starbit IT Solutions END -->\n","protected":false},"excerpt":{"rendered":"<p>Le maire de la municipalit\u00e9 de Lac-Simon, Denis Papin, est d\u00e9c\u00e9d\u00e9 samedi le 12 f\u00e9vrier dernier. Depuis novembre dernier, M. Papin combattait un cancer. La maladie l&#8217;a emport\u00e9 en quelques mois. Il \u00e9tait en poste depuis les derni\u00e8res \u00e9lections en &hellip; <a href=\"https:\/\/www.apls.ca\/en\/archives\/1432\">Continue reading <span class=\"meta-nav\">&rarr;<\/span><\/a><\/p>\n","protected":false},"author":72,"featured_media":1435,"comment_status":"open","ping_status":"open","sticky":false,"template":"","format":"standard","meta":{"footnotes":""},"categories":[29],"tags":[107,108],"class_list":["post-1432","post","type-post","status-publish","format-standard","has-post-thumbnail","hentry","category-communiques","tag-deces","tag-denis-papin"],"_links":{"self":[{"href":"https:\/\/www.apls.ca\/en\/wp-json\/wp\/v2\/posts\/1432","targetHints":{"allow":["GET"]}}],"collection":[{"href":"https:\/\/www.apls.ca\/en\/wp-json\/wp\/v2\/posts"}],"about":[{"href":"https:\/\/www.apls.ca\/en\/wp-json\/wp\/v2\/types\/post"}],"author":[{"embeddable":true,"href":"https:\/\/www.apls.ca\/en\/wp-json\/wp\/v2\/users\/72"}],"replies":[{"embeddable":true,"href":"https:\/\/www.apls.ca\/en\/wp-json\/wp\/v2\/comments?post=1432"}],"version-history":[{"count":0,"href":"https:\/\/www.apls.ca\/en\/wp-json\/wp\/v2\/posts\/1432\/revisions"}],"wp:featuredmedia":[{"embeddable":true,"href":"https:\/\/www.apls.ca\/en\/wp-json\/wp\/v2\/media\/1435"}],"wp:attachment":[{"href":"https:\/\/www.apls.ca\/en\/wp-json\/wp\/v2\/media?parent=1432"}],"wp:term":[{"taxonomy":"category","embeddable":true,"href":"https:\/\/www.apls.ca\/en\/wp-json\/wp\/v2\/categories?post=1432"},{"taxonomy":"post_tag","embeddable":true,"href":"https:\/\/www.apls.ca\/en\/wp-json\/wp\/v2\/tags?post=1432"}],"curies":[{"name":"wp","href":"https:\/\/api.w.org\/{rel}","templated":true}]}}